{"id":7073,"date":"2026-09-04T09:18:06","date_gmt":"2026-09-04T08:18:06","guid":{"rendered":"https:\/\/it.arminfonews.ru\/?p=7073"},"modified":"2026-09-04T09:18:09","modified_gmt":"2026-09-04T08:18:09","slug":"paiva-jolloin-isoaiti-lakkasi-olemasta-itsestaanselvyys","status":"publish","type":"post","link":"https:\/\/it.arminfonews.ru\/?p=7073","title":{"rendered":"P\u00e4iv\u00e4, jolloin iso\u00e4iti lakkasi olemasta itsest\u00e4\u00e4nselvyys"},"content":{"rendered":"\n<p class=\"wp-block-paragraph\">Kun tytt\u00e4reni kertoi odottavansa ensimm\u00e4ist\u00e4 lastaan, kuvittelin mieless\u00e4ni tavallisia iso\u00e4itiyden iloja: nukkuvan vauvan pit\u00e4mist\u00e4 syliss\u00e4, yhteisi\u00e4 k\u00e4velyretki\u00e4, pieni\u00e4 lahjoja ja sit\u00e4, kuinka saisin seurata lapsenlapseni kasvamista.<\/p>\n\n\n\n<p class=\"wp-block-paragraph\">En olisi koskaan uskonut, ett\u00e4 vain muutama kuukausi h\u00e4nen syntym\u00e4ns\u00e4 j\u00e4lkeen lapsenlapsesta huolehtimisesta tulisi l\u00e4hes kokop\u00e4iv\u00e4ty\u00f6.<\/p>\n\n\n\n<figure class=\"wp-block-gallery has-nested-images columns-default is-cropped wp-block-gallery-1 is-layout-flex wp-block-gallery-is-layout-flex\">\n<figure class=\"wp-block-image size-large\"><img loading=\"lazy\" decoding=\"async\" width=\"1024\" height=\"538\" data-id=\"7074\" src=\"https:\/\/it.arminfonews.ru\/wp-content\/uploads\/2026\/09\/887-1024x538.png\" alt=\"\" class=\"wp-image-7074\" srcset=\"https:\/\/it.arminfonews.ru\/wp-content\/uploads\/2026\/09\/887-1024x538.png 1024w, https:\/\/it.arminfonews.ru\/wp-content\/uploads\/2026\/09\/887-300x158.png 300w, https:\/\/it.arminfonews.ru\/wp-content\/uploads\/2026\/09\/887-767x403.png 767w, https:\/\/it.arminfonews.ru\/wp-content\/uploads\/2026\/09\/887-1536x807.png 1536w, https:\/\/it.arminfonews.ru\/wp-content\/uploads\/2026\/09\/887.png 1731w\" sizes=\"auto, (max-width: 1024px) 100vw, 1024px\" \/><\/figure>\n<\/figure>\n\n\n\n<p class=\"wp-block-paragraph\">Tytt\u00e4reni Emily oli k\u00e4ytt\u00e4nyt vuosia uransa rakentamiseen. H\u00e4nell\u00e4 oli vaativa ty\u00f6, jossa m\u00e4\u00e4r\u00e4ajat ja vastuu eiv\u00e4t kadonneet vain siksi, ett\u00e4 h\u00e4nest\u00e4 oli tullut \u00e4iti. Synnytyksen j\u00e4lkeen h\u00e4n vietti jonkin aikaa kotona, mutta pian h\u00e4nen odotettiin palaavan t\u00f6ihin.<\/p>\n\n\n\n<p class=\"wp-block-paragraph\">Silloin lastenhoidosta tuli suurin ongelma.<\/p>\n\n\n\n<p class=\"wp-block-paragraph\">Ammattimainen lastenhoitaja olisi ollut kallis, eik\u00e4 t\u00e4ysin luotettavan ihmisen l\u00f6yt\u00e4minen tuntunut helpolta. P\u00e4iv\u00e4hoito oli toinen vaihtoehto, mutta Emilyn mielest\u00e4 h\u00e4nen poikansa oli siihen viel\u00e4 liian pieni.<\/p>\n\n\n\n<p class=\"wp-block-paragraph\">Niinp\u00e4 tarjouduin auttamaan.<\/p>\n\n\n\n<p class=\"wp-block-paragraph\">Silloin se tuntui maailman luonnollisimmalta asialta.<\/p>\n\n\n\n<p class=\"wp-block-paragraph\">\u201dH\u00e4n on minun lapsenlapseni\u201d, sanoin tytt\u00e4relleni. \u201dSinun ei tarvitse huolehtia. Min\u00e4 autan.\u201d<\/p>\n\n\n\n<p class=\"wp-block-paragraph\">Emme puhuneet rahasta. Emme sopineet ty\u00f6ajoista tai m\u00e4\u00e4ritelleet tarkasti, mitk\u00e4 teht\u00e4v\u00e4t kuuluisivat minulle.<\/p>\n\n\n\n<p class=\"wp-block-paragraph\">Olinhan h\u00e4nen iso\u00e4itins\u00e4, en ty\u00f6ntekij\u00e4.<\/p>\n\n\n\n<p class=\"wp-block-paragraph\">Juuri n\u00e4iden rajojen puuttumisesta tuli my\u00f6hemmin kipe\u00e4n v\u00e4\u00e4rink\u00e4sityksen alku.<\/p>\n\n\n\n<h2 class=\"wp-block-heading\">Palveluksesta tuli v\u00e4hitellen arkea<\/h2>\n\n\n\n<p class=\"wp-block-paragraph\">P\u00e4iv\u00e4ni saivat nopeasti tarkan rytmin.<\/p>\n\n\n\n<p class=\"wp-block-paragraph\">Jokaisena arkip\u00e4iv\u00e4n\u00e4 saavuin Emilyn kotiin hieman ennen aamukahdeksaa. H\u00e4n valmistautui yleens\u00e4 t\u00f6ihin, ja min\u00e4 otin vauvan hoitooni.<\/p>\n\n\n\n<p class=\"wp-block-paragraph\">Aluksi ajattelin l\u00e4hinn\u00e4 vahtivani h\u00e4nt\u00e4.<\/p>\n\n\n\n<p class=\"wp-block-paragraph\">Mutta jokainen pient\u00e4 lasta hoitanut tiet\u00e4\u00e4, kuinka paljon ty\u00f6t\u00e4 vauva tuo mukanaan.<\/p>\n\n\n\n<p class=\"wp-block-paragraph\">Pulloja piti valmistaa, vaatteita vaihtaa, vaippoja vaihtaa ja p\u00e4iv\u00e4unista huolehtia. Kun h\u00e4n itki, kannoin h\u00e4nt\u00e4 ymp\u00e4ri asuntoa, kunnes h\u00e4n rauhoittui. Hyv\u00e4ll\u00e4 s\u00e4\u00e4ll\u00e4 laitoin h\u00e4net vaunuihin ja l\u00e4hdimme k\u00e4velylle.<\/p>\n\n\n\n<p class=\"wp-block-paragraph\">V\u00e4hitellen mukaan tuli muitakin teht\u00e4vi\u00e4.<\/p>\n\n\n\n<p class=\"wp-block-paragraph\">Jos h\u00e4nen vaatteensa olivat likaisia, pesin ne. Kun pyykit olivat kuivia, viikkasin ne. Joskus silitin tavaroita h\u00e4nen nukkuessaan. Pesin tuttipulloja, pyyhin keitti\u00f6n tasoja ja ker\u00e4sin lelut paikoilleen.<\/p>\n\n\n\n<p class=\"wp-block-paragraph\">Useimpia n\u00e4ist\u00e4 asioista kukaan ei varsinaisesti pyyt\u00e4nyt minua tekem\u00e4\u00e4n.<\/p>\n\n\n\n<p class=\"wp-block-paragraph\">N\u00e4in vain jotakin, mik\u00e4 piti tehd\u00e4, ja tein sen.<\/p>\n\n\n\n<p class=\"wp-block-paragraph\">Emily palasi tavallisesti kotiin noin kuudelta illalla. Kerroin h\u00e4nelle, milloin vauva oli sy\u00f6nyt, kuinka pitk\u00e4\u00e4n h\u00e4n oli nukkunut ja oliko p\u00e4iv\u00e4n aikana tapahtunut jotakin tavallisesta poikkeavaa.<\/p>\n\n\n\n<p class=\"wp-block-paragraph\">Sen j\u00e4lkeen ker\u00e4sin tavarani ja l\u00e4hdin kotiin.<\/p>\n\n\n\n<p class=\"wp-block-paragraph\">Kymmenen tuntia p\u00e4iv\u00e4ss\u00e4.<\/p>\n\n\n\n<p class=\"wp-block-paragraph\">Viisi p\u00e4iv\u00e4\u00e4 viikossa.<\/p>\n\n\n\n<p class=\"wp-block-paragraph\">En koskaan laskenut, kuinka paljon samanlainen hoito olisi maksanut, jos tytt\u00e4reni olisi palkannut ammattilaisen. En edes halunnut laskea sit\u00e4. Perhe ei ole yritys, ja ajattelin yksinkertaisesti auttavani tyt\u00e4rt\u00e4ni yhdess\u00e4 h\u00e4nen el\u00e4m\u00e4ns\u00e4 vaativimmista vaiheista.<\/p>\n\n\n\n<p class=\"wp-block-paragraph\">Sit\u00e4 paitsi rakastin lapsenlastani.<\/p>\n\n\n\n<p class=\"wp-block-paragraph\">H\u00e4nen hymyns\u00e4 aamuisin sai pitk\u00e4\u00e4n kaiken v\u00e4symyksen tuntumaan merkityksett\u00f6m\u00e4lt\u00e4.<\/p>\n\n\n\n<p class=\"wp-block-paragraph\">Muutaman kuukauden kuluttua aloin kuitenkin huomata, ett\u00e4 voimani v\u00e4heniv\u00e4t.<\/p>\n\n\n\n<p class=\"wp-block-paragraph\">En ollut en\u00e4\u00e4 niin nuori, ett\u00e4 voisin viett\u00e4\u00e4 kymmenen tuntia p\u00e4iv\u00e4ss\u00e4 vauvan, pyykkien ja kotit\u00f6iden parissa tuntematta sit\u00e4 illalla sel\u00e4ss\u00e4ni ja jaloissani.<\/p>\n\n\n\n<p class=\"wp-block-paragraph\">Silti jatkoin.<\/p>\n\n\n\n<p class=\"wp-block-paragraph\">Ajattelin, ett\u00e4 minua tarvittiin.<\/p>\n\n\n\n<h2 class=\"wp-block-heading\">Iltap\u00e4iv\u00e4, joka muutti kaiken<\/h2>\n\n\n\n<p class=\"wp-block-paragraph\">Koko riita alkoi l\u00e4hes naurettavan pienest\u00e4 asiasta.<\/p>\n\n\n\n<p class=\"wp-block-paragraph\">Er\u00e4\u00e4n\u00e4 iltap\u00e4iv\u00e4n\u00e4 palasimme lapsenlapseni kanssa pitk\u00e4lt\u00e4 k\u00e4velylt\u00e4. H\u00e4n oli ollut levoton, ja h\u00e4nen nukuttamisensa vei paljon tavallista enemm\u00e4n aikaa.<\/p>\n\n\n\n<p class=\"wp-block-paragraph\">Olin l\u00e4htenyt aamulla kiireess\u00e4 omasta kodistani ja sy\u00f6nyt tuskin lainkaan aamiaista. Iltap\u00e4iv\u00e4ll\u00e4 minulla oli jo kova n\u00e4lk\u00e4.<\/p>\n\n\n\n<p class=\"wp-block-paragraph\">Kun vauva viimein nukahti, menin keitti\u00f6\u00f6n.<\/p>\n\n\n\n<p class=\"wp-block-paragraph\">Avasin j\u00e4\u00e4kaapin.<\/p>\n\n\n\n<p class=\"wp-block-paragraph\">Siell\u00e4 oli juustoa ja hedelmi\u00e4. Leikkasin itselleni pienen palan juustoa ja otin omenan.<\/p>\n\n\n\n<p class=\"wp-block-paragraph\">En ajatellut asiaa sen enemp\u00e4\u00e4.<\/p>\n\n\n\n<p class=\"wp-block-paragraph\">Olin viett\u00e4nyt kuukausien ajan suurimman osan p\u00e4ivist\u00e4ni siin\u00e4 asunnossa. Olin valmistanut vauvan pullot siin\u00e4 keitti\u00f6ss\u00e4, tiskannut astioita ja pyyhkinyt keitti\u00f6tasoja lukemattomia kertoja.<\/p>\n\n\n\n<p class=\"wp-block-paragraph\">Yksi omena ei tuntunut milt\u00e4\u00e4n suurelta asialta.<\/p>\n\n\n\n<p class=\"wp-block-paragraph\">Mutta juuri sin\u00e4 p\u00e4iv\u00e4n\u00e4 Emily palasi t\u00f6ist\u00e4 odottamatta tavallista aikaisemmin.<\/p>\n\n\n\n<p class=\"wp-block-paragraph\">H\u00e4n tuli keitti\u00f6\u00f6n, kun olin juuri sy\u00f6m\u00e4ss\u00e4 juustoa.<\/p>\n\n\n\n<p class=\"wp-block-paragraph\">H\u00e4nen ilmeens\u00e4 muuttui.<\/p>\n\n\n\n<p class=\"wp-block-paragraph\">\u201d\u00c4iti, otitko tuon j\u00e4\u00e4kaapista?\u201d<\/p>\n\n\n\n<p class=\"wp-block-paragraph\">Luulin ensin h\u00e4nen vitsailevan.<\/p>\n\n\n\n<p class=\"wp-block-paragraph\">\u201dKyll\u00e4. Minulla oli n\u00e4lk\u00e4.\u201d<\/p>\n\n\n\n<p class=\"wp-block-paragraph\">Mutta h\u00e4n oli vakavissaan.<\/p>\n\n\n\n<p class=\"wp-block-paragraph\">Emily sanoi, ett\u00e4 minun pit\u00e4isi kysy\u00e4 ennen kuin otan ruokaa, koska h\u00e4n suunnittelee ruokaostoksensa kotitaloutensa budjetin mukaan.<\/p>\n\n\n\n<p class=\"wp-block-paragraph\">Tuijotin h\u00e4nt\u00e4 muutaman sekunnin sanomatta mit\u00e4\u00e4n.<\/p>\n\n\n\n<p class=\"wp-block-paragraph\">Kysyin, oliko h\u00e4n todella harmissaan siit\u00e4, ett\u00e4 olin sy\u00f6nyt hieman juustoa ja yhden omenan vietetty\u00e4ni koko p\u00e4iv\u00e4n h\u00e4nen poikansa hoidossa.<\/p>\n\n\n\n<p class=\"wp-block-paragraph\">Emily yritti selitt\u00e4\u00e4, ettei kyse ollut ruoan hinnasta. H\u00e4nen mukaansa kyse oli rajoista. H\u00e4n halusi tiet\u00e4\u00e4, mit\u00e4 j\u00e4\u00e4kaapissa oli, jotta voisi suunnitella perheen ateriat.<\/p>\n\n\n\n<p class=\"wp-block-paragraph\">Ehk\u00e4 h\u00e4n todella tarkoitti sit\u00e4 juuri niin.<\/p>\n\n\n\n<p class=\"wp-block-paragraph\">Mutta min\u00e4 kuulin h\u00e4nen sanoissaan jotakin aivan muuta.<\/p>\n\n\n\n<p class=\"wp-block-paragraph\">Kuukausien ajan olin antanut aikani h\u00e4nen perheelleen ilmaiseksi, mutta yht\u00e4kki\u00e4 tunsin olevani vieras, jonka piti pyyt\u00e4\u00e4 lupa ennen kuin sai ottaa j\u00e4\u00e4kaapista jotakin sy\u00f6t\u00e4v\u00e4\u00e4.<\/p>\n\n\n\n<h2 class=\"wp-block-heading\">Perheen antaman avun n\u00e4kym\u00e4t\u00f6n arvo<\/h2>\n\n\n\n<p class=\"wp-block-paragraph\">En huutanut.<\/p>\n\n\n\n<p class=\"wp-block-paragraph\">Sen sijaan esitin Emilylle yksinkertaisen kysymyksen.<\/p>\n\n\n\n<p class=\"wp-block-paragraph\">\u201dJos tarvitsemme selv\u00e4t rajat, eik\u00f6 meid\u00e4n pit\u00e4isi sopia niist\u00e4 kaikissa asioissa?\u201d<\/p>\n\n\n\n<p class=\"wp-block-paragraph\">H\u00e4n katsoi minua h\u00e4mmentyneen\u00e4.<\/p>\n\n\n\n<p class=\"wp-block-paragraph\">Muistutin h\u00e4nt\u00e4 siit\u00e4, ett\u00e4 saavuin joka aamu noin kahdeksalta ja l\u00e4hdin tavallisesti vasta kuuden aikaan illalla. Ruokin h\u00e4nen poikaansa, vaihdoin vaipat, lohdutin h\u00e4nt\u00e4, k\u00e4vin h\u00e4nen kanssaan ulkona, pesin h\u00e4nen vaatteitaan ja autoin usein my\u00f6s kodin askareissa.<\/p>\n\n\n\n<p class=\"wp-block-paragraph\">En ollut koskaan pyyt\u00e4nyt siit\u00e4 rahaa.<\/p>\n\n\n\n<p class=\"wp-block-paragraph\">En ollut edes pyyt\u00e4nyt korvausta matkoistani tai ruoastani.<\/p>\n\n\n\n<p class=\"wp-block-paragraph\">\u201dJos minun pit\u00e4\u00e4 kysy\u00e4 lupa yhden omenan ottamiseen\u201d, sanoin, \u201dehk\u00e4 meid\u00e4n pit\u00e4isi lakata kuvittelemasta, ettei minun avulla ole mit\u00e4\u00e4n arvoa.\u201d<\/p>\n\n\n\n<p class=\"wp-block-paragraph\">Silloin keskustelusta tuli ep\u00e4miellytt\u00e4v\u00e4.<\/p>\n\n\n\n<p class=\"wp-block-paragraph\">Emily vakuutti arvostavansa kaikkea, mit\u00e4 tein. H\u00e4nen mielest\u00e4\u00e4n olin ymm\u00e4rt\u00e4nyt h\u00e4nen kommenttinsa v\u00e4\u00e4rin ja tehnyt pienest\u00e4 asiasta valtavan ongelman.<\/p>\n\n\n\n<p class=\"wp-block-paragraph\">Mutta juuri siin\u00e4 ongelma olikin.<\/p>\n\n\n\n<p class=\"wp-block-paragraph\">Kommentti oli pieni.<\/p>\n\n\n\n<p class=\"wp-block-paragraph\">Sen taustalla oleva tilanne ei ollut.<\/p>\n\n\n\n<p class=\"wp-block-paragraph\">Monet perheet ovat vahvasti riippuvaisia isovanhempien tarjoamasta maksuttomasta lastenhoidosta. Koska apu tulee ihmiselt\u00e4, joka rakastaa lasta, sen todellinen taloudellinen ja inhimillinen arvo voi helposti muuttua n\u00e4kym\u00e4tt\u00f6m\u00e4ksi.<\/p>\n\n\n\n<p class=\"wp-block-paragraph\">Iso\u00e4iti saattaa kerran sanoa: \u201dTotta kai autan\u201d, ja huomata muutaman kuukauden kuluttua tekev\u00e4ns\u00e4 k\u00e4yt\u00e4nn\u00f6ss\u00e4 kokop\u00e4iv\u00e4ist\u00e4 ty\u00f6viikkoa.<\/p>\n\n\n\n<p class=\"wp-block-paragraph\">Isois\u00e4 saattaa aloittaa hakemalla lapsen koulusta pari kertaa viikossa, kunnes siit\u00e4 tulee huomaamatta h\u00e4nen jokap\u00e4iv\u00e4inen velvollisuutensa.<\/p>\n\n\n\n<p class=\"wp-block-paragraph\">Kenenk\u00e4\u00e4n ei tarvitse tarkoituksella k\u00e4ytt\u00e4\u00e4 toista hyv\u00e4kseen.<\/p>\n\n\n\n<p class=\"wp-block-paragraph\">Ongelma voi synty\u00e4 v\u00e4hitellen.<\/p>\n\n\n\n<p class=\"wp-block-paragraph\">Kun joku auttaa joka p\u00e4iv\u00e4, muut lakkaavat helposti n\u00e4kem\u00e4st\u00e4 sit\u00e4 palveluksena ja alkavat pit\u00e4\u00e4 sit\u00e4 normaalina osana arkea.<\/p>\n\n\n\n<p class=\"wp-block-paragraph\">Juuri niin meille oli k\u00e4ynyt.<\/p>\n\n\n\n<h2 class=\"wp-block-heading\">Kun avusta tulee oletus<\/h2>\n\n\n\n<p class=\"wp-block-paragraph\">L\u00e4hdin sin\u00e4 iltap\u00e4iv\u00e4n\u00e4 kotiin tavallista aikaisemmin.<\/p>\n\n\n\n<p class=\"wp-block-paragraph\">Ensimm\u00e4ist\u00e4 kertaa kuukausiin Emily joutui j\u00e4rjest\u00e4m\u00e4\u00e4n loppup\u00e4iv\u00e4n itse.<\/p>\n\n\n\n<p class=\"wp-block-paragraph\">Illalla h\u00e4n soitti minulle.<\/p>\n\n\n\n<p class=\"wp-block-paragraph\">Olimme molemmat rauhoittuneet.<\/p>\n\n\n\n<p class=\"wp-block-paragraph\">H\u00e4n pyysi anteeksi tapaa, jolla oli puhunut minulle. Min\u00e4 puolestani my\u00f6nsin, ett\u00e4 olin tehnyt virheen, kun en ollut kuukausien aikana kertonut, kuinka v\u00e4syneeksi olin tullut.<\/p>\n\n\n\n<p class=\"wp-block-paragraph\">Sekin oli nimitt\u00e4in totta.<\/p>\n\n\n\n<p class=\"wp-block-paragraph\">Emily oli alkanut pit\u00e4\u00e4 apuani itsest\u00e4\u00e4nselvyyten\u00e4, mutta olin itsekin vaikuttanut tilanteen syntymiseen.<\/p>\n\n\n\n<p class=\"wp-block-paragraph\">Kun olin v\u00e4synyt, en sanonut mit\u00e4\u00e4n.<\/p>\n\n\n\n<p class=\"wp-block-paragraph\">Kun uusia kotit\u00f6it\u00e4 ilmestyi, hoidin ne hiljaa.<\/p>\n\n\n\n<p class=\"wp-block-paragraph\">Ja aina kun Emily kysyi, oliko kaikki hyvin, vastasin kyll\u00e4.<\/p>\n\n\n\n<p class=\"wp-block-paragraph\">Olin odottanut h\u00e4nen ymm\u00e4rt\u00e4v\u00e4n rajani, vaikka en ollut koskaan kertonut niist\u00e4.<\/p>\n\n\n\n<p class=\"wp-block-paragraph\">Se ei ollut realistista.<\/p>\n\n\n\n<p class=\"wp-block-paragraph\">J\u00e4\u00e4kaapista alkanut riita ei luonut ongelmaamme.<\/p>\n\n\n\n<p class=\"wp-block-paragraph\">Se vain toi sen n\u00e4kyviin.<\/p>\n\n\n\n<h2 class=\"wp-block-heading\">Terveemm\u00e4t s\u00e4\u00e4nn\u00f6t koko perheelle<\/h2>\n\n\n\n<p class=\"wp-block-paragraph\">Lopulta sovimme, ett\u00e4 jatkaisin lapsenlapseni hoitamista, mutta en en\u00e4\u00e4 kymment\u00e4 tuntia jokaisena arkip\u00e4iv\u00e4n\u00e4.<\/p>\n\n\n\n<p class=\"wp-block-paragraph\">Emily alkoi etsi\u00e4 muitakin lastenhoitovaihtoehtoja, jotta vastuu ei j\u00e4isi kokonaan minun harteilleni. Sovimme my\u00f6s, ett\u00e4 silloin kun hoidan lasta, ensisijainen teht\u00e4v\u00e4ni on huolehtia h\u00e4nest\u00e4, ei koko kodista.<\/p>\n\n\n\n<p class=\"wp-block-paragraph\">Ja kyll\u00e4, puhuimme my\u00f6s ruoasta.<\/p>\n\n\n\n<p class=\"wp-block-paragraph\">Emily sanoi, ett\u00e4 saan tietenkin ottaa kohtuullisesti sy\u00f6t\u00e4v\u00e4\u00e4 h\u00e4nen kodistaan silloin, kun olen hoitamassa h\u00e4nen poikaansa.<\/p>\n\n\n\n<p class=\"wp-block-paragraph\">My\u00f6hemmin jopa nauroimme sille, ett\u00e4 kahden aikuisen ihmisen piti ensin riidell\u00e4 voidakseen sopia jostakin niin yksinkertaisesta.<\/p>\n\n\n\n<p class=\"wp-block-paragraph\">Mutta paljon t\u00e4rke\u00e4mpi oppi j\u00e4i mieleemme.<\/p>\n\n\n\n<p class=\"wp-block-paragraph\">Perheen sis\u00e4inen apu ansaitsee kunnioitusta aivan kuten muukin ty\u00f6.<\/p>\n\n\n\n<p class=\"wp-block-paragraph\">Se ei tarkoita, ett\u00e4 isovanhemmille pit\u00e4isi maksaa jokaisesta lastenlasten kanssa vietetyst\u00e4 tunnista. Jokaisella perheell\u00e4 on erilainen taloudellinen tilanne, erilaiset tavat ja erilaiset odotukset.<\/p>\n\n\n\n<p class=\"wp-block-paragraph\">Se tarkoittaa kuitenkin sit\u00e4, ett\u00e4 toisten panos pit\u00e4\u00e4 huomata.<\/p>\n\n\n\n<p class=\"wp-block-paragraph\">Joskus kiitollisuutta voi osoittaa rahallisesti. Joskus se tarkoittaa ruokaostosten tai matkakulujen maksamista tai s\u00e4\u00e4nn\u00f6llisten vapaap\u00e4ivien j\u00e4rjest\u00e4mist\u00e4.<\/p>\n\n\n\n<p class=\"wp-block-paragraph\">Joskus riitt\u00e4\u00e4 yksinkertainen lause:<\/p>\n\n\n\n<p class=\"wp-block-paragraph\">\u201dTied\u00e4n, kuinka paljon teet meid\u00e4n hyv\u00e4ksemme.\u201d<\/p>\n\n\n\n<p class=\"wp-block-paragraph\">Kaikkein t\u00e4rkeint\u00e4 on keskustella odotuksista ennen kuin pettymys ja katkeruus ehtiv\u00e4t kasvaa.<\/p>\n\n\n\n<p class=\"wp-block-paragraph\">Kuinka monena p\u00e4iv\u00e4n\u00e4 viikossa isovanhempi hoitaa lasta?<\/p>\n\n\n\n<p class=\"wp-block-paragraph\">Kuinka monta tuntia p\u00e4iv\u00e4ss\u00e4?<\/p>\n\n\n\n<p class=\"wp-block-paragraph\">Onko h\u00e4nen teht\u00e4v\u00e4ns\u00e4 vain lapsen hoitaminen vai odotetaanko h\u00e4nen tekev\u00e4n my\u00f6s kotit\u00f6it\u00e4?<\/p>\n\n\n\n<p class=\"wp-block-paragraph\">Mit\u00e4 tapahtuu silloin, kun h\u00e4n tarvitsee vapaap\u00e4iv\u00e4n?<\/p>\n\n\n\n<p class=\"wp-block-paragraph\">T\u00e4llaiset kysymykset saattavat tuntua liian muodollisilta perheenj\u00e4senten v\u00e4lill\u00e4. Todellisuudessa selke\u00e4t sopimukset voivat suojella ihmissuhteita paljon vakavammilta konflikteilta.<\/p>\n\n\n\n<h2 class=\"wp-block-heading\">Kyse ei koskaan ollut vain omenasta<\/h2>\n\n\n\n<p class=\"wp-block-paragraph\">Muutaman kuukauden kuluttua ymm\u00e4rsin olevani tavallaan kiitollinen tuosta ep\u00e4miellytt\u00e4v\u00e4st\u00e4 iltap\u00e4iv\u00e4st\u00e4.<\/p>\n\n\n\n<p class=\"wp-block-paragraph\">En itse riidasta.<\/p>\n\n\n\n<p class=\"wp-block-paragraph\">Vaan siit\u00e4, mit\u00e4 se pakotti meid\u00e4t kohtaamaan.<\/p>\n\n\n\n<p class=\"wp-block-paragraph\">Olin alkanut ajatella, ett\u00e4 hyv\u00e4n\u00e4 \u00e4itin\u00e4 ja iso\u00e4itin\u00e4 minun pit\u00e4isi olla aina k\u00e4ytett\u00e4viss\u00e4. Emily puolestaan oli tottunut l\u00e4sn\u00e4olooni niin paljon, ettei h\u00e4n en\u00e4\u00e4 huomannut, kuinka suuren osan el\u00e4m\u00e4st\u00e4ni olin j\u00e4rjest\u00e4nyt h\u00e4nen perheens\u00e4 tarpeiden ymp\u00e4rille.<\/p>\n\n\n\n<p class=\"wp-block-paragraph\">Kumpikaan tapa ajatella ei voinut jatkua loputtomiin.<\/p>\n\n\n\n<p class=\"wp-block-paragraph\">Nyky\u00e4\u00e4n viet\u00e4n edelleen paljon aikaa lapsenlapseni kanssa.<\/p>\n\n\n\n<p class=\"wp-block-paragraph\">Erona on se, ett\u00e4 olen j\u00e4lleen ennen kaikkea h\u00e4nen iso\u00e4itins\u00e4.<\/p>\n\n\n\n<p class=\"wp-block-paragraph\">Joinakin p\u00e4ivin\u00e4 hoidan h\u00e4nt\u00e4. Toisinaan tulen vain vierailulle, leikin h\u00e4nen kanssaan ja l\u00e4hden kotiin silloin, kun haluan. Emily on my\u00f6s oppinut kysym\u00e4\u00e4n etuk\u00e4teen, olenko vapaa, sen sijaan ett\u00e4 h\u00e4n automaattisesti olettaisi minun olevan k\u00e4ytett\u00e4viss\u00e4.<\/p>\n\n\n\n<p class=\"wp-block-paragraph\">Suhteemme parani, koska ymm\u00e4rsimme lopulta asian, jonka jotkut perheet oppivat vasta paljon suuremman konfliktin j\u00e4lkeen:<\/p>\n\n\n\n<p class=\"wp-block-paragraph\">Rakkaus ei poista rajojen tarvetta.<\/p>\n\n\n\n<p class=\"wp-block-paragraph\">P\u00e4invastoin terveet rajat voivat suojella rakkautta. Ne est\u00e4v\u00e4t vapaaehtoista apua muuttumasta velvollisuudeksi ja kiitollisuutta muuttumasta itsest\u00e4\u00e4nselvyydeksi.<\/p>\n\n\n\n<p class=\"wp-block-paragraph\">Ulosp\u00e4in riita n\u00e4ytti koskevan pient\u00e4 juustopalaa ja yht\u00e4 omenaa.<\/p>\n\n\n\n<p class=\"wp-block-paragraph\">Todellisuudessa kyse oli ajasta, kunnioituksesta ja n\u00e4kym\u00e4tt\u00f6m\u00e4st\u00e4 ty\u00f6st\u00e4, jota ihmiset tekev\u00e4t niiden hyv\u00e4ksi, joita he rakastavat.<\/p>\n\n\n\n<p class=\"wp-block-paragraph\">Joskus tarvitaan vain yksi pieni ja arkinen hetki paljastamaan asia, josta perheen olisi pit\u00e4nyt keskustella jo kauan sitten.<\/p>\n\n\n\n<p class=\"wp-block-paragraph\"><\/p>\n","protected":false},"excerpt":{"rendered":"Kun tytt\u00e4reni kertoi odottavansa ensimm\u00e4ist\u00e4 lastaan, kuvittelin mieless\u00e4ni tavallisia iso\u00e4itiyden iloja: nukkuvan vauvan pit\u00e4mist\u00e4 syliss\u00e4, yhteisi\u00e4 k\u00e4velyretki\u00e4, pieni\u00e4 lahjoja ja sit\u00e4, kuinka saisin \n<a class=\"moretag\" href=\"https:\/\/it.arminfonews.ru\/?p=7073\"> [...]<\/a>","protected":false},"author":1,"featured_media":7074,"comment_status":"open","ping_status":"open","sticky":false,"template":"","format":"standard","meta":{"footnotes":""},"categories":[1],"tags":[],"class_list":["post-7073","post","type-post","status-publish","format-standard","has-post-thumbnail","hentry","category-uncategorised"],"yoast_head":"<!-- This site is optimized with the Yoast SEO plugin v28.4 - https:\/\/yoast.com\/product\/yoast-seo-wordpress\/ -->\n<title>P\u00e4iv\u00e4, jolloin iso\u00e4iti lakkasi olemasta itsest\u00e4\u00e4nselvyys -<\/title>\n<meta name=\"robots\" content=\"index, follow, max-snippet:-1, max-image-preview:large, max-video-preview:-1\" \/>\n<link rel=\"canonical\" href=\"https:\/\/it.arminfonews.ru\/?p=7073\" \/>\n<meta property=\"og:locale\" content=\"ru_RU\" \/>\n<meta property=\"og:type\" content=\"article\" \/>\n<meta property=\"og:title\" content=\"P\u00e4iv\u00e4, jolloin iso\u00e4iti lakkasi olemasta itsest\u00e4\u00e4nselvyys -\" \/>\n<meta property=\"og:description\" content=\"Kun tytt\u00e4reni kertoi odottavansa ensimm\u00e4ist\u00e4 lastaan, kuvittelin mieless\u00e4ni tavallisia iso\u00e4itiyden iloja: nukkuvan vauvan pit\u00e4mist\u00e4 syliss\u00e4, yhteisi\u00e4 k\u00e4velyretki\u00e4, pieni\u00e4 lahjoja ja sit\u00e4, kuinka saisin\" \/>\n<meta property=\"og:url\" content=\"https:\/\/it.arminfonews.ru\/?p=7073\" \/>\n<meta property=\"article:published_time\" content=\"2026-09-04T08:18:06+00:00\" \/>\n<meta property=\"article:modified_time\" content=\"2026-09-04T08:18:09+00:00\" \/>\n<meta property=\"og:image\" content=\"http:\/\/it.arminfonews.ru\/wp-content\/uploads\/2026\/09\/887-1024x538.png\" \/>\n\t<meta property=\"og:image:width\" content=\"1024\" \/>\n\t<meta property=\"og:image:height\" content=\"538\" \/>\n\t<meta property=\"og:image:type\" content=\"image\/png\" \/>\n<meta name=\"author\" content=\"admin\" \/>\n<meta name=\"twitter:card\" content=\"summary_large_image\" \/>\n<meta name=\"twitter:label1\" content=\"\u041d\u0430\u043f\u0438\u0441\u0430\u043d\u043e \u0430\u0432\u0442\u043e\u0440\u043e\u043c\" \/>\n\t<meta name=\"twitter:data1\" content=\"admin\" \/>\n\t<meta name=\"twitter:label2\" content=\"\u041f\u0440\u0438\u043c\u0435\u0440\u043d\u043e\u0435 \u0432\u0440\u0435\u043c\u044f \u0434\u043b\u044f \u0447\u0442\u0435\u043d\u0438\u044f\" \/>\n\t<meta name=\"twitter:data2\" content=\"8 \u043c\u0438\u043d\u0443\u0442\" \/>\n<script type=\"application\/ld+json\" class=\"yoast-schema-graph\">{\"@context\":\"https:\\\/\\\/schema.org\",\"@graph\":[{\"@type\":\"Article\",\"@id\":\"https:\\\/\\\/it.arminfonews.ru\\\/?p=7073#article\",\"isPartOf\":{\"@id\":\"https:\\\/\\\/it.arminfonews.ru\\\/?p=7073\"},\"author\":{\"name\":\"admin\",\"@id\":\"http:\\\/\\\/it.arminfonews.ru\\\/#\\\/schema\\\/person\\\/1f48abff21edb63bb65f2e87b4e81819\"},\"headline\":\"P\u00e4iv\u00e4, jolloin iso\u00e4iti lakkasi olemasta itsest\u00e4\u00e4nselvyys\",\"datePublished\":\"2026-09-04T08:18:06+00:00\",\"dateModified\":\"2026-09-04T08:18:09+00:00\",\"mainEntityOfPage\":{\"@id\":\"https:\\\/\\\/it.arminfonews.ru\\\/?p=7073\"},\"wordCount\":1745,\"commentCount\":0,\"image\":{\"@id\":\"https:\\\/\\\/it.arminfonews.ru\\\/?p=7073#primaryimage\"},\"thumbnailUrl\":\"https:\\\/\\\/it.arminfonews.ru\\\/wp-content\\\/uploads\\\/2026\\\/09\\\/887.png\",\"articleSection\":[\"NEWS\"],\"inLanguage\":\"ru-RU\",\"potentialAction\":[{\"@type\":\"CommentAction\",\"name\":\"Comment\",\"target\":[\"https:\\\/\\\/it.arminfonews.ru\\\/?p=7073#respond\"]}]},{\"@type\":\"WebPage\",\"@id\":\"https:\\\/\\\/it.arminfonews.ru\\\/?p=7073\",\"url\":\"https:\\\/\\\/it.arminfonews.ru\\\/?p=7073\",\"name\":\"P\u00e4iv\u00e4, jolloin iso\u00e4iti lakkasi olemasta itsest\u00e4\u00e4nselvyys -\",\"isPartOf\":{\"@id\":\"http:\\\/\\\/it.arminfonews.ru\\\/#website\"},\"primaryImageOfPage\":{\"@id\":\"https:\\\/\\\/it.arminfonews.ru\\\/?p=7073#primaryimage\"},\"image\":{\"@id\":\"https:\\\/\\\/it.arminfonews.ru\\\/?p=7073#primaryimage\"},\"thumbnailUrl\":\"https:\\\/\\\/it.arminfonews.ru\\\/wp-content\\\/uploads\\\/2026\\\/09\\\/887.png\",\"datePublished\":\"2026-09-04T08:18:06+00:00\",\"dateModified\":\"2026-09-04T08:18:09+00:00\",\"author\":{\"@id\":\"http:\\\/\\\/it.arminfonews.ru\\\/#\\\/schema\\\/person\\\/1f48abff21edb63bb65f2e87b4e81819\"},\"breadcrumb\":{\"@id\":\"https:\\\/\\\/it.arminfonews.ru\\\/?p=7073#breadcrumb\"},\"inLanguage\":\"ru-RU\",\"potentialAction\":[{\"@type\":\"ReadAction\",\"target\":[\"https:\\\/\\\/it.arminfonews.ru\\\/?p=7073\"]}]},{\"@type\":\"ImageObject\",\"inLanguage\":\"ru-RU\",\"@id\":\"https:\\\/\\\/it.arminfonews.ru\\\/?p=7073#primaryimage\",\"url\":\"https:\\\/\\\/it.arminfonews.ru\\\/wp-content\\\/uploads\\\/2026\\\/09\\\/887.png\",\"contentUrl\":\"https:\\\/\\\/it.arminfonews.ru\\\/wp-content\\\/uploads\\\/2026\\\/09\\\/887.png\",\"width\":1731,\"height\":909},{\"@type\":\"BreadcrumbList\",\"@id\":\"https:\\\/\\\/it.arminfonews.ru\\\/?p=7073#breadcrumb\",\"itemListElement\":[{\"@type\":\"ListItem\",\"position\":1,\"name\":\"\u0413\u043b\u0430\u0432\u043d\u0430\u044f \u0441\u0442\u0440\u0430\u043d\u0438\u0446\u0430\",\"item\":\"http:\\\/\\\/it.arminfonews.ru\\\/\"},{\"@type\":\"ListItem\",\"position\":2,\"name\":\"P\u00e4iv\u00e4, jolloin iso\u00e4iti lakkasi olemasta itsest\u00e4\u00e4nselvyys\"}]},{\"@type\":\"WebSite\",\"@id\":\"http:\\\/\\\/it.arminfonews.ru\\\/#website\",\"url\":\"http:\\\/\\\/it.arminfonews.ru\\\/\",\"name\":\"\",\"description\":\"\",\"potentialAction\":[{\"@type\":\"SearchAction\",\"target\":{\"@type\":\"EntryPoint\",\"urlTemplate\":\"http:\\\/\\\/it.arminfonews.ru\\\/?s={search_term_string}\"},\"query-input\":{\"@type\":\"PropertyValueSpecification\",\"valueRequired\":true,\"valueName\":\"search_term_string\"}}],\"inLanguage\":\"ru-RU\"},{\"@type\":\"Person\",\"@id\":\"http:\\\/\\\/it.arminfonews.ru\\\/#\\\/schema\\\/person\\\/1f48abff21edb63bb65f2e87b4e81819\",\"name\":\"admin\",\"image\":{\"@type\":\"ImageObject\",\"inLanguage\":\"ru-RU\",\"@id\":\"https:\\\/\\\/secure.gravatar.com\\\/avatar\\\/0ed435f9e4056e0930898ce78c89fa82fe18d3c798c761c71f1f33be878b3b0b?s=96&d=mm&r=g\",\"url\":\"https:\\\/\\\/secure.gravatar.com\\\/avatar\\\/0ed435f9e4056e0930898ce78c89fa82fe18d3c798c761c71f1f33be878b3b0b?s=96&d=mm&r=g\",\"contentUrl\":\"https:\\\/\\\/secure.gravatar.com\\\/avatar\\\/0ed435f9e4056e0930898ce78c89fa82fe18d3c798c761c71f1f33be878b3b0b?s=96&d=mm&r=g\",\"caption\":\"admin\"},\"sameAs\":[\"http:\\\/\\\/it.arminfonews.ru\"],\"url\":\"https:\\\/\\\/it.arminfonews.ru\\\/?author=1\"}]}<\/script>\n<!-- \/ Yoast SEO plugin. -->","yoast_head_json":{"title":"P\u00e4iv\u00e4, jolloin iso\u00e4iti lakkasi olemasta itsest\u00e4\u00e4nselvyys -","robots":{"index":"index","follow":"follow","max-snippet":"max-snippet:-1","max-image-preview":"max-image-preview:large","max-video-preview":"max-video-preview:-1"},"canonical":"https:\/\/it.arminfonews.ru\/?p=7073","og_locale":"ru_RU","og_type":"article","og_title":"P\u00e4iv\u00e4, jolloin iso\u00e4iti lakkasi olemasta itsest\u00e4\u00e4nselvyys -","og_description":"Kun tytt\u00e4reni kertoi odottavansa ensimm\u00e4ist\u00e4 lastaan, kuvittelin mieless\u00e4ni tavallisia iso\u00e4itiyden iloja: nukkuvan vauvan pit\u00e4mist\u00e4 syliss\u00e4, yhteisi\u00e4 k\u00e4velyretki\u00e4, pieni\u00e4 lahjoja ja sit\u00e4, kuinka saisin","og_url":"https:\/\/it.arminfonews.ru\/?p=7073","article_published_time":"2026-09-04T08:18:06+00:00","article_modified_time":"2026-09-04T08:18:09+00:00","og_image":[{"width":1024,"height":538,"url":"http:\/\/it.arminfonews.ru\/wp-content\/uploads\/2026\/09\/887-1024x538.png","type":"image\/png"}],"author":"admin","twitter_card":"summary_large_image","twitter_misc":{"\u041d\u0430\u043f\u0438\u0441\u0430\u043d\u043e \u0430\u0432\u0442\u043e\u0440\u043e\u043c":"admin","\u041f\u0440\u0438\u043c\u0435\u0440\u043d\u043e\u0435 \u0432\u0440\u0435\u043c\u044f \u0434\u043b\u044f \u0447\u0442\u0435\u043d\u0438\u044f":"8 \u043c\u0438\u043d\u0443\u0442"},"schema":{"@context":"https:\/\/schema.org","@graph":[{"@type":"Article","@id":"https:\/\/it.arminfonews.ru\/?p=7073#article","isPartOf":{"@id":"https:\/\/it.arminfonews.ru\/?p=7073"},"author":{"name":"admin","@id":"http:\/\/it.arminfonews.ru\/#\/schema\/person\/1f48abff21edb63bb65f2e87b4e81819"},"headline":"P\u00e4iv\u00e4, jolloin iso\u00e4iti lakkasi olemasta itsest\u00e4\u00e4nselvyys","datePublished":"2026-09-04T08:18:06+00:00","dateModified":"2026-09-04T08:18:09+00:00","mainEntityOfPage":{"@id":"https:\/\/it.arminfonews.ru\/?p=7073"},"wordCount":1745,"commentCount":0,"image":{"@id":"https:\/\/it.arminfonews.ru\/?p=7073#primaryimage"},"thumbnailUrl":"https:\/\/it.arminfonews.ru\/wp-content\/uploads\/2026\/09\/887.png","articleSection":["NEWS"],"inLanguage":"ru-RU","potentialAction":[{"@type":"CommentAction","name":"Comment","target":["https:\/\/it.arminfonews.ru\/?p=7073#respond"]}]},{"@type":"WebPage","@id":"https:\/\/it.arminfonews.ru\/?p=7073","url":"https:\/\/it.arminfonews.ru\/?p=7073","name":"P\u00e4iv\u00e4, jolloin iso\u00e4iti lakkasi olemasta itsest\u00e4\u00e4nselvyys -","isPartOf":{"@id":"http:\/\/it.arminfonews.ru\/#website"},"primaryImageOfPage":{"@id":"https:\/\/it.arminfonews.ru\/?p=7073#primaryimage"},"image":{"@id":"https:\/\/it.arminfonews.ru\/?p=7073#primaryimage"},"thumbnailUrl":"https:\/\/it.arminfonews.ru\/wp-content\/uploads\/2026\/09\/887.png","datePublished":"2026-09-04T08:18:06+00:00","dateModified":"2026-09-04T08:18:09+00:00","author":{"@id":"http:\/\/it.arminfonews.ru\/#\/schema\/person\/1f48abff21edb63bb65f2e87b4e81819"},"breadcrumb":{"@id":"https:\/\/it.arminfonews.ru\/?p=7073#breadcrumb"},"inLanguage":"ru-RU","potentialAction":[{"@type":"ReadAction","target":["https:\/\/it.arminfonews.ru\/?p=7073"]}]},{"@type":"ImageObject","inLanguage":"ru-RU","@id":"https:\/\/it.arminfonews.ru\/?p=7073#primaryimage","url":"https:\/\/it.arminfonews.ru\/wp-content\/uploads\/2026\/09\/887.png","contentUrl":"https:\/\/it.arminfonews.ru\/wp-content\/uploads\/2026\/09\/887.png","width":1731,"height":909},{"@type":"BreadcrumbList","@id":"https:\/\/it.arminfonews.ru\/?p=7073#breadcrumb","itemListElement":[{"@type":"ListItem","position":1,"name":"\u0413\u043b\u0430\u0432\u043d\u0430\u044f \u0441\u0442\u0440\u0430\u043d\u0438\u0446\u0430","item":"http:\/\/it.arminfonews.ru\/"},{"@type":"ListItem","position":2,"name":"P\u00e4iv\u00e4, jolloin iso\u00e4iti lakkasi olemasta itsest\u00e4\u00e4nselvyys"}]},{"@type":"WebSite","@id":"http:\/\/it.arminfonews.ru\/#website","url":"http:\/\/it.arminfonews.ru\/","name":"","description":"","potentialAction":[{"@type":"SearchAction","target":{"@type":"EntryPoint","urlTemplate":"http:\/\/it.arminfonews.ru\/?s={search_term_string}"},"query-input":{"@type":"PropertyValueSpecification","valueRequired":true,"valueName":"search_term_string"}}],"inLanguage":"ru-RU"},{"@type":"Person","@id":"http:\/\/it.arminfonews.ru\/#\/schema\/person\/1f48abff21edb63bb65f2e87b4e81819","name":"admin","image":{"@type":"ImageObject","inLanguage":"ru-RU","@id":"https:\/\/secure.gravatar.com\/avatar\/0ed435f9e4056e0930898ce78c89fa82fe18d3c798c761c71f1f33be878b3b0b?s=96&d=mm&r=g","url":"https:\/\/secure.gravatar.com\/avatar\/0ed435f9e4056e0930898ce78c89fa82fe18d3c798c761c71f1f33be878b3b0b?s=96&d=mm&r=g","contentUrl":"https:\/\/secure.gravatar.com\/avatar\/0ed435f9e4056e0930898ce78c89fa82fe18d3c798c761c71f1f33be878b3b0b?s=96&d=mm&r=g","caption":"admin"},"sameAs":["http:\/\/it.arminfonews.ru"],"url":"https:\/\/it.arminfonews.ru\/?author=1"}]}},"_links":{"self":[{"href":"https:\/\/it.arminfonews.ru\/index.php?rest_route=\/wp\/v2\/posts\/7073","targetHints":{"allow":["GET"]}}],"collection":[{"href":"https:\/\/it.arminfonews.ru\/index.php?rest_route=\/wp\/v2\/posts"}],"about":[{"href":"https:\/\/it.arminfonews.ru\/index.php?rest_route=\/wp\/v2\/types\/post"}],"author":[{"embeddable":true,"href":"https:\/\/it.arminfonews.ru\/index.php?rest_route=\/wp\/v2\/users\/1"}],"replies":[{"embeddable":true,"href":"https:\/\/it.arminfonews.ru\/index.php?rest_route=%2Fwp%2Fv2%2Fcomments&post=7073"}],"version-history":[{"count":1,"href":"https:\/\/it.arminfonews.ru\/index.php?rest_route=\/wp\/v2\/posts\/7073\/revisions"}],"predecessor-version":[{"id":7075,"href":"https:\/\/it.arminfonews.ru\/index.php?rest_route=\/wp\/v2\/posts\/7073\/revisions\/7075"}],"wp:featuredmedia":[{"embeddable":true,"href":"https:\/\/it.arminfonews.ru\/index.php?rest_route=\/wp\/v2\/media\/7074"}],"wp:attachment":[{"href":"https:\/\/it.arminfonews.ru\/index.php?rest_route=%2Fwp%2Fv2%2Fmedia&parent=7073"}],"wp:term":[{"taxonomy":"category","embeddable":true,"href":"https:\/\/it.arminfonews.ru\/index.php?rest_route=%2Fwp%2Fv2%2Fcategories&post=7073"},{"taxonomy":"post_tag","embeddable":true,"href":"https:\/\/it.arminfonews.ru\/index.php?rest_route=%2Fwp%2Fv2%2Ftags&post=7073"}],"curies":[{"name":"wp","href":"https:\/\/api.w.org\/{rel}","templated":true}]}}