{"id":7091,"date":"2026-09-06T07:06:19","date_gmt":"2026-09-06T06:06:19","guid":{"rendered":"https:\/\/it.arminfonews.ru\/?p=7091"},"modified":"2026-09-06T07:06:20","modified_gmt":"2026-09-06T06:06:20","slug":"lapsi-jonka-kaikki-ohittivat","status":"publish","type":"post","link":"http:\/\/it.arminfonews.ru\/?p=7091","title":{"rendered":"Lapsi, jonka kaikki ohittivat"},"content":{"rendered":"\n<p class=\"wp-block-paragraph\">Jotkut lapset syntyv\u00e4t maailmaan sukulaisten ymp\u00e4r\u00f6imin\u00e4. Heid\u00e4n l\u00e4heisens\u00e4 kuvittelevat jo tulevia syntym\u00e4p\u00e4ivi\u00e4, ensimm\u00e4ist\u00e4 koulup\u00e4iv\u00e4\u00e4 ja yhteisi\u00e4 perhejuhlia. Toisten lasten el\u00e4m\u00e4 alkaa ep\u00e4varmuudessa, odottaen ihmist\u00e4, joka olisi valmis tarjoamaan heille pysyv\u00e4n kodin.<\/p>\n\n\n\n<p class=\"wp-block-paragraph\">Yhdelle lapselle t\u00e4m\u00e4 odotus tuntui loputtomalta.<\/p>\n\n\n\n<p class=\"wp-block-paragraph\">Adoptiota harkitsevia aikuisia tuli ja meni. Jotkut esittiv\u00e4t kysymyksi\u00e4 ja pohtivat mahdollisuutta, mutta p\u00e4\u00e4tyiv\u00e4t lopulta toiseen ratkaisuun. Syist\u00e4 riippumatta lopputulos oli aina sama: lapsi j\u00e4i edelleen ilman pysyv\u00e4\u00e4 perhett\u00e4.<\/p>\n\n\n\n<figure class=\"wp-block-gallery has-nested-images columns-default is-cropped wp-block-gallery-1 is-layout-flex wp-block-gallery-is-layout-flex\">\n<figure class=\"wp-block-image size-large\"><img loading=\"lazy\" decoding=\"async\" width=\"1024\" height=\"538\" data-id=\"7092\" src=\"https:\/\/it.arminfonews.ru\/wp-content\/uploads\/2026\/09\/6985-1024x538.png\" alt=\"\" class=\"wp-image-7092\" srcset=\"http:\/\/it.arminfonews.ru\/wp-content\/uploads\/2026\/09\/6985-1024x538.png 1024w, http:\/\/it.arminfonews.ru\/wp-content\/uploads\/2026\/09\/6985-300x158.png 300w, http:\/\/it.arminfonews.ru\/wp-content\/uploads\/2026\/09\/6985-767x403.png 767w, http:\/\/it.arminfonews.ru\/wp-content\/uploads\/2026\/09\/6985-1536x807.png 1536w, http:\/\/it.arminfonews.ru\/wp-content\/uploads\/2026\/09\/6985.png 1731w\" sizes=\"auto, (max-width: 1024px) 100vw, 1024px\" \/><\/figure>\n<\/figure>\n\n\n\n<p class=\"wp-block-paragraph\">Sitten h\u00e4nen el\u00e4m\u00e4\u00e4ns\u00e4 tuli nainen, joka n\u00e4ki tilanteen toisin.<\/p>\n\n\n\n<p class=\"wp-block-paragraph\">H\u00e4n ei n\u00e4hnyt lasta, jonka arvo m\u00e4\u00e4r\u00e4ytyi aiempien hylk\u00e4\u00e4misten perusteella. H\u00e4n n\u00e4ki nuoren ihmisen, joka tarvitsi turvallisuutta, k\u00e4rsiv\u00e4llisyytt\u00e4, v\u00e4litt\u00e4mist\u00e4 ja ennen kaikkea jonkun, joka olisi valmis j\u00e4\u00e4m\u00e4\u00e4n. Naisen p\u00e4\u00e4t\u00f6s adoptoida lapsi muutti lopulta heid\u00e4n molempien el\u00e4m\u00e4n ja loi perustan perheelle, jonka tulevaisuutta kumpikaan ei viel\u00e4 pystynyt kuvittelemaan.<\/p>\n\n\n\n<h2 class=\"wp-block-heading\">Lapsi on enemm\u00e4n kuin tiedot asiakirjoissa<\/h2>\n\n\n\n<p class=\"wp-block-paragraph\">Kun kuulemme lapsesta, jota kukaan ei ole pitk\u00e4\u00e4n aikaan halunnut adoptoida, on helppo tehd\u00e4 v\u00e4\u00e4ri\u00e4 johtop\u00e4\u00e4t\u00f6ksi\u00e4. Joku saattaa ajatella, ett\u00e4 lapsessa t\u00e4ytyy olla jotakin vakavasti vialla.<\/p>\n\n\n\n<p class=\"wp-block-paragraph\">Todellisuus on yleens\u00e4 paljon monimutkaisempi.<\/p>\n\n\n\n<p class=\"wp-block-paragraph\">Lapset voivat joutua odottamaan adoptioperhett\u00e4 pitk\u00e4\u00e4n monista eri syist\u00e4. Ik\u00e4 voi vaikuttaa asiaan, samoin terveydelliset tai kehitykseen liittyv\u00e4t tarpeet, sisarussuhteet, aiemmat kokemukset tai adoptiota harkitsevien aikuisten henkil\u00f6kohtaiset toiveet.<\/p>\n\n\n\n<p class=\"wp-block-paragraph\">Mik\u00e4\u00e4n n\u00e4ist\u00e4 asioista ei kuitenkaan m\u00e4\u00e4rittele lapsen arvoa eik\u00e4 kerro, millainen ihminen h\u00e4nest\u00e4 tulevaisuudessa kasvaa.<\/p>\n\n\n\n<p class=\"wp-block-paragraph\">Toistuvat pettymykset voivat silti j\u00e4tt\u00e4\u00e4 j\u00e4lkens\u00e4.<\/p>\n\n\n\n<p class=\"wp-block-paragraph\">Pieni lapsi ei v\u00e4ltt\u00e4m\u00e4tt\u00e4 ymm\u00e4rr\u00e4 adoption juridisia tai hallinnollisia yksityiskohtia, mutta h\u00e4n ymm\u00e4rt\u00e4\u00e4 l\u00e4sn\u00e4olon ja poissaolon. H\u00e4n huomaa, kun aikuiset tulevat ja l\u00e4htev\u00e4t. V\u00e4hitellen h\u00e4n oppii arvioimaan, voiko lupauksiin luottaa ja ovatko ihmissuhteet todella turvallisia.<\/p>\n\n\n\n<p class=\"wp-block-paragraph\">Siksi pysyv\u00e4n kodin saaminen merkitsee paljon enemm\u00e4n kuin uutta osoitetta.<\/p>\n\n\n\n<p class=\"wp-block-paragraph\">Turvallisuuden tunne rakentuu tavallisista asioista, jotka toistuvat p\u00e4iv\u00e4 toisensa j\u00e4lkeen: her\u00e4\u00e4misest\u00e4 samassa kodissa, tiedosta siit\u00e4, kuka odottaa koulup\u00e4iv\u00e4n j\u00e4lkeen, lohdutuksesta pahan unen j\u00e4lkeen sek\u00e4 siit\u00e4, ett\u00e4 joku iloitsee pienist\u00e4kin onnistumisista.<\/p>\n\n\n\n<p class=\"wp-block-paragraph\">Lapselle on my\u00f6s t\u00e4rke\u00e4\u00e4 huomata, etteiv\u00e4t virheet tarkoita automaattisesti sit\u00e4, ett\u00e4 ihmiset l\u00e4htev\u00e4t pois.<\/p>\n\n\n\n<p class=\"wp-block-paragraph\">Juuri t\u00e4llaiseen sitoutumiseen nainen oli valmis.<\/p>\n\n\n\n<h2 class=\"wp-block-heading\">P\u00e4\u00e4t\u00f6s, joka muutti kaiken<\/h2>\n\n\n\n<p class=\"wp-block-paragraph\">Adoptiosta puhutaan joskus kuin yhdest\u00e4 suuresta hetkest\u00e4: asiakirjat allekirjoitetaan, lapsi saapuu uuteen kotiin ja uusi perhe syntyy.<\/p>\n\n\n\n<p class=\"wp-block-paragraph\">Juridisesti adoptiolla voikin olla tietty p\u00e4iv\u00e4, jolloin vanhemmuussuhteesta tulee virallinen. Tunnetasolla perheen muodostuminen on kuitenkin yleens\u00e4 paljon pidempi prosessi.<\/p>\n\n\n\n<p class=\"wp-block-paragraph\">Luottamusta ei voi vaatia. Se t\u00e4ytyy rakentaa.<\/p>\n\n\n\n<p class=\"wp-block-paragraph\">Nainen ymm\u00e4rsi, ettei rakkautta voinut osoittaa vain sanoilla. Se pit\u00e4isi n\u00e4ytt\u00e4\u00e4 ennen kaikkea jokap\u00e4iv\u00e4isill\u00e4 teoilla.<\/p>\n\n\n\n<p class=\"wp-block-paragraph\">Yhteiset ateriat, s\u00e4\u00e4nn\u00f6lliset arkirutiinit, iltatoimet, keskustelut, l\u00e4\u00e4k\u00e4rik\u00e4ynnit, kouluaamut ja sadat pienilt\u00e4 vaikuttavat hetket muodostaisivat v\u00e4hitellen heid\u00e4n suhteensa perustan.<\/p>\n\n\n\n<p class=\"wp-block-paragraph\">Lapselle ei tarvinnut luvata t\u00e4ydellist\u00e4 tulevaisuutta.<\/p>\n\n\n\n<p class=\"wp-block-paragraph\">Paljon t\u00e4rke\u00e4mpi lupaus oli yksinkertaisempi: sinun ei en\u00e4\u00e4 tarvitse kohdata tulevaisuutta yksin.<\/p>\n\n\n\n<p class=\"wp-block-paragraph\">Ensimm\u00e4iset yhteiset p\u00e4iv\u00e4t olivat vasta alku.<\/p>\n\n\n\n<p class=\"wp-block-paragraph\">Uusi koti voi tuoda iloa ja innostusta, mutta samalla kaikki voi tuntua vieraalta. Positiivinenkin muutos voi olla raskas lapselle, joka on aiemmin kokenut ep\u00e4vakautta. Uusi ymp\u00e4rist\u00f6, erilaiset s\u00e4\u00e4nn\u00f6t, vieraat \u00e4\u00e4net ja uudet odotukset vaativat aikaa.<\/p>\n\n\n\n<p class=\"wp-block-paragraph\">Vanhemman teht\u00e4v\u00e4n\u00e4 ei t\u00e4llaisessa tilanteessa ole yritt\u00e4\u00e4 pyyhki\u00e4 menneisyytt\u00e4 pois.<\/p>\n\n\n\n<p class=\"wp-block-paragraph\">T\u00e4rke\u00e4mp\u00e4\u00e4 on luoda riitt\u00e4v\u00e4n turvallinen ymp\u00e4rist\u00f6, jossa lapsi voi v\u00e4hitellen ymm\u00e4rt\u00e4\u00e4, ettei menneisyyden tarvitse m\u00e4\u00e4r\u00e4t\u00e4 kaikkea sit\u00e4, mit\u00e4 tulevaisuudessa tapahtuu.<\/p>\n\n\n\n<h2 class=\"wp-block-heading\">Rakkaus ei pyyhi menneisyytt\u00e4 pois<\/h2>\n\n\n\n<p class=\"wp-block-paragraph\">Adoptiotarinoita kerrotaan joskus niin, ett\u00e4 adoptiovanhempi \u201dpelastaa\u201d lapsen ja sen j\u00e4lkeen kaikki muuttuu t\u00e4ydelliseksi.<\/p>\n\n\n\n<p class=\"wp-block-paragraph\">Todellinen perhe-el\u00e4m\u00e4 on harvoin n\u00e4in yksinkertaista.<\/p>\n\n\n\n<p class=\"wp-block-paragraph\">Adoptioon voi liitty\u00e4 samanaikaisesti suurta iloa ja menetyksen tunteita.<\/p>\n\n\n\n<p class=\"wp-block-paragraph\">Lapsi voi rakastaa adoptioperhett\u00e4\u00e4n syv\u00e4sti ja silti pohtia biologisia sukulaisiaan, el\u00e4m\u00e4ns\u00e4 ensimm\u00e4isi\u00e4 vuosia, omaa identiteetti\u00e4\u00e4n tai niit\u00e4 olosuhteita, jotka johtivat adoptioon.<\/p>\n\n\n\n<p class=\"wp-block-paragraph\">T\u00e4llaiset kysymykset eiv\u00e4t tarkoita adoptiovanhempien torjumista. Ne voivat olla luonnollinen osa oman el\u00e4m\u00e4ntarinan ymm\u00e4rt\u00e4mist\u00e4.<\/p>\n\n\n\n<p class=\"wp-block-paragraph\">V\u00e4litt\u00e4v\u00e4 vanhempi antaa tilaa my\u00f6s n\u00e4ille kysymyksille.<\/p>\n\n\n\n<p class=\"wp-block-paragraph\">Naisen ei tarvinnut teeskennell\u00e4, ettei ennen heid\u00e4n kohtaamistaan ollut tapahtunut mit\u00e4\u00e4n vaikeaa. H\u00e4nen teht\u00e4v\u00e4ns\u00e4 oli tarjota lapselle jotakin, johon t\u00e4m\u00e4 voisi siit\u00e4 l\u00e4htien luottaa: suhde, joka olisi riitt\u00e4v\u00e4n vahva kest\u00e4m\u00e4\u00e4n sek\u00e4 iloiset ett\u00e4 vaikeat tunteet.<\/p>\n\n\n\n<p class=\"wp-block-paragraph\">P\u00e4iv\u00e4t muuttuivat kuukausiksi ja kuukaudet vuosiksi.<\/p>\n\n\n\n<p class=\"wp-block-paragraph\">V\u00e4hitellen tavallinen perhearki alkoi korvata lapsen aiempaa ep\u00e4varmuutta. Syntyi yhteisi\u00e4 rutiineja, velvollisuuksia, juhlia ja muistoja.<\/p>\n\n\n\n<p class=\"wp-block-paragraph\">Mukana oli varmasti my\u00f6s erimielisyyksi\u00e4 ja vaikeita p\u00e4ivi\u00e4, kuten jokaisessa perheess\u00e4. Mutta niiden rinnalla oli jotakin paljon t\u00e4rke\u00e4mp\u00e4\u00e4: jatkuvuus.<\/p>\n\n\n\n<p class=\"wp-block-paragraph\">Lapsen ei en\u00e4\u00e4 tarvinnut pel\u00e4t\u00e4, ett\u00e4 jokainen ongelma p\u00e4\u00e4ttyisi uusiin j\u00e4\u00e4hyv\u00e4isiin.<\/p>\n\n\n\n<h2 class=\"wp-block-heading\">Mit\u00e4 yksi turvallinen aikuinen voi merkit\u00e4<\/h2>\n\n\n\n<p class=\"wp-block-paragraph\">Lasten kehityst\u00e4 koskevassa tutkimuksessa on pitk\u00e4\u00e4n korostettu vakaiden ja turvallisten aikuissuhteiden merkityst\u00e4.<\/p>\n\n\n\n<p class=\"wp-block-paragraph\">Lapset hy\u00f6tyv\u00e4t siit\u00e4, ett\u00e4 heid\u00e4n el\u00e4m\u00e4ss\u00e4\u00e4n on aikuisia, jotka vastaavat heid\u00e4n tarpeisiinsa, asettavat kohtuullisia rajoja ja tarjoavat ymp\u00e4rist\u00f6n, jossa maailmaa voi tutkia ilman jatkuvaa pelkoa hyl\u00e4tyksi tulemisesta.<\/p>\n\n\n\n<p class=\"wp-block-paragraph\">T\u00e4m\u00e4 ei tarkoita, ett\u00e4 pelkk\u00e4 rakkaus poistaisi hetkess\u00e4 kaikki aikaisempien kokemusten aiheuttamat vaikeudet.<\/p>\n\n\n\n<p class=\"wp-block-paragraph\">Jotkut lapset tarvitsevat lis\u00e4ksi ammatillista, kasvatuksellista tai terapeuttista tukea. Kehitys ei v\u00e4ltt\u00e4m\u00e4tt\u00e4 etene suoraviivaisesti. Vahvaa ja itsevarmaa vaihetta voi seurata uusi ep\u00e4varmuuden kausi.<\/p>\n\n\n\n<p class=\"wp-block-paragraph\">Vakaus luo kuitenkin olosuhteet, joissa kasvu on mahdollista.<\/p>\n\n\n\n<p class=\"wp-block-paragraph\">T\u00e4ss\u00e4 perheess\u00e4 muutos ei tapahtunut yhden ihmeellisen hetken ansiosta. Se rakentui lukemattomista pienist\u00e4 kokemuksista.<\/p>\n\n\n\n<p class=\"wp-block-paragraph\">Joka kerta, kun nainen piti lupauksensa ja oli paikalla silloin kun oli luvannut, luottamus sai mahdollisuuden vahvistua.<\/p>\n\n\n\n<p class=\"wp-block-paragraph\">Jokainen yhdess\u00e4 vietetty syntym\u00e4p\u00e4iv\u00e4 muuttui osaksi uutta yhteist\u00e4 historiaa.<\/p>\n\n\n\n<p class=\"wp-block-paragraph\">Jokainen ongelma, joka ratkaistiin ilman hylk\u00e4\u00e4mist\u00e4 tai l\u00e4htemist\u00e4, osoitti lapselle, ettei ristiriita v\u00e4ltt\u00e4m\u00e4tt\u00e4 tarkoita ihmissuhteen loppua.<\/p>\n\n\n\n<p class=\"wp-block-paragraph\">Ajan my\u00f6t\u00e4 lapsi, joka oli kerran j\u00e4\u00e4nyt toistuvasti muiden valintojen ulkopuolelle, ei en\u00e4\u00e4 ollut ensisijaisesti odottava lapsi.<\/p>\n\n\n\n<p class=\"wp-block-paragraph\">H\u00e4nell\u00e4 oli nyt oma perhetarinansa.<\/p>\n\n\n\n<h2 class=\"wp-block-heading\">Vuosia my\u00f6hemmin<\/h2>\n\n\n\n<p class=\"wp-block-paragraph\">Vuosien kuluessa naisen alkuper\u00e4isen p\u00e4\u00e4t\u00f6ksen merkitys tuli yh\u00e4 selvemm\u00e4ksi.<\/p>\n\n\n\n<p class=\"wp-block-paragraph\">Lapsi kasvoi ja h\u00e4nelle kehittyiv\u00e4t oma persoonallisuus, kiinnostuksen kohteet, kyvyt ja unelmat. Mitk\u00e4\u00e4n adoptioprosessin asiakirjat eiv\u00e4t olisi voineet t\u00e4ydellisesti kuvata sit\u00e4 ihmist\u00e4, joka h\u00e4nest\u00e4 my\u00f6hemmin kasvaisi.<\/p>\n\n\n\n<p class=\"wp-block-paragraph\">Se muistuttaa yhdest\u00e4 t\u00e4rke\u00e4st\u00e4 asiasta: mik\u00e4\u00e4n asiakirja ei pysty ennustamaan ihmisen tulevaisuutta.<\/p>\n\n\n\n<p class=\"wp-block-paragraph\">Ihmiset, jotka olivat vuosia aikaisemmin p\u00e4\u00e4tt\u00e4neet jatkaa matkaansa, olivat n\u00e4hneet vain yhden lyhyen hetken lapsen el\u00e4m\u00e4st\u00e4.<\/p>\n\n\n\n<p class=\"wp-block-paragraph\">Nainen, joka adoptoi h\u00e4net, p\u00e4\u00e4tti olla mukana kaikessa siin\u00e4, mit\u00e4 t\u00e4m\u00e4n hetken j\u00e4lkeen tapahtuisi.<\/p>\n\n\n\n<p class=\"wp-block-paragraph\">Juuri siin\u00e4 on ehk\u00e4 koko tarinan merkitt\u00e4vin k\u00e4\u00e4nne.<\/p>\n\n\n\n<p class=\"wp-block-paragraph\">Uskomattoman muutoksen ei tarvitse tarkoittaa yht\u00e4 suurta tai dramaattista tapahtumaa. Paljon syvempi muutos n\u00e4kyy siin\u00e4 valtavassa matkassa, joka tapahtui lapsen ep\u00e4varman alun ja my\u00f6hemm\u00e4n turvallisen el\u00e4m\u00e4n v\u00e4lill\u00e4.<\/p>\n\n\n\n<p class=\"wp-block-paragraph\">Lapsi, joka oli joskus odottanut jonkun valitsevan h\u00e4net, sai v\u00e4hitellen tiet\u00e4\u00e4, milt\u00e4 todellinen kuulumisen tunne tuntuu.<\/p>\n\n\n\n<p class=\"wp-block-paragraph\">My\u00f6s adoptiovanhemman el\u00e4m\u00e4 muuttui.<\/p>\n\n\n\n<p class=\"wp-block-paragraph\">Nainen avasi kotinsa ajatellen antavansa lapselle perheen. Samalla h\u00e4n loi kokonaan uuden luvun omaan el\u00e4m\u00e4\u00e4ns\u00e4.<\/p>\n\n\n\n<p class=\"wp-block-paragraph\">Vanhemmuus toi vastuuta, huolia ja uhrauksia, mutta my\u00f6s yhteisi\u00e4 muistoja ja mahdollisuuden seurata l\u00e4helt\u00e4 toisen ihmisen kasvamista.<\/p>\n\n\n\n<p class=\"wp-block-paragraph\">Adoptio ei siis muuttanut vain lapsen tarinaa.<\/p>\n\n\n\n<p class=\"wp-block-paragraph\">Se muutti my\u00f6s h\u00e4nen tarinansa.<\/p>\n\n\n\n<h2 class=\"wp-block-heading\">Miksi t\u00e4llaiset tarinat ovat t\u00e4rkeit\u00e4<\/h2>\n\n\n\n<p class=\"wp-block-paragraph\">Haavoittuvassa asemassa olevien lasten tarinoista on helppo tehd\u00e4 tunteellisia kertomuksia, joissa kaikella on yksinkertainen ja onnellinen ratkaisu.<\/p>\n\n\n\n<p class=\"wp-block-paragraph\">Todellisuus on monimutkaisempi.<\/p>\n\n\n\n<p class=\"wp-block-paragraph\">Jokainen adoptio on erilainen, eiv\u00e4tk\u00e4 hyv\u00e4t aikomukset yksin riit\u00e4 vastaamaan kaikkiin lapsen tarpeisiin.<\/p>\n\n\n\n<p class=\"wp-block-paragraph\">Tulevat vanhemmat tarvitsevat valmistautumista. Lapset tarvitsevat asianmukaista tukea. Jotkut perheet tarvitsevat apua viel\u00e4 pitk\u00e4\u00e4n sen j\u00e4lkeen, kun adoptio on juridisesti vahvistettu.<\/p>\n\n\n\n<p class=\"wp-block-paragraph\">Silti t\u00e4st\u00e4 tarinasta voi oppia jotakin t\u00e4rke\u00e4\u00e4.<\/p>\n\n\n\n<p class=\"wp-block-paragraph\">Ihmisi\u00e4 arvioidaan usein yhden el\u00e4m\u00e4ntilanteen perusteella: nykyisten vaikeuksien, ulkon\u00e4\u00f6n, i\u00e4n tai menneisyyden mukaan.<\/p>\n\n\n\n<p class=\"wp-block-paragraph\">Adoptioperhett\u00e4 odottavat lapset ovat erityisen alttiita t\u00e4llaisille arvioille, koska aikuiset joutuvat tekem\u00e4\u00e4n p\u00e4\u00e4t\u00f6ksi\u00e4 tulevaisuudesta, jota kukaan ei todellisuudessa pysty n\u00e4kem\u00e4\u00e4n.<\/p>\n\n\n\n<p class=\"wp-block-paragraph\">T\u00e4m\u00e4n tarinan nainen teki toisenlaisen valinnan.<\/p>\n\n\n\n<p class=\"wp-block-paragraph\">Sen sijaan, ett\u00e4 h\u00e4n olisi ajatellut vain niit\u00e4 vaikeuksia, joita adoptiosta voisi seurata, h\u00e4n oli valmis selvitt\u00e4m\u00e4\u00e4n, millaiseksi ihmiseksi t\u00e4m\u00e4 lapsi voisi kasvaa saatuaan turvallisuutta, vakautta ja huolenpitoa.<\/p>\n\n\n\n<p class=\"wp-block-paragraph\">Vuosia my\u00f6hemmin vastaus oli h\u00e4nen edess\u00e4\u00e4n.<\/p>\n\n\n\n<p class=\"wp-block-paragraph\">Ei en\u00e4\u00e4 hyl\u00e4tty lapsi.<\/p>\n\n\n\n<p class=\"wp-block-paragraph\">Ei ratkaisemista odottava tapaus.<\/p>\n\n\n\n<p class=\"wp-block-paragraph\">Ei ihminen, jonka m\u00e4\u00e4ritteliv\u00e4t ne, jotka olivat aikaisemmin l\u00e4hteneet pois.<\/p>\n\n\n\n<p class=\"wp-block-paragraph\">Vaan poika tai tyt\u00e4r. Perheenj\u00e4sen. Ihminen, jolla oli oma menneisyytens\u00e4, nykyisyytens\u00e4 ja tulevaisuutensa.<\/p>\n\n\n\n<p class=\"wp-block-paragraph\">Ehk\u00e4 juuri siin\u00e4 on t\u00e4m\u00e4n tarinan t\u00e4rkein sanoma. Naisen yst\u00e4v\u00e4llisyydell\u00e4 oli valtava merkitys, mutta heid\u00e4n el\u00e4m\u00e4\u00e4ns\u00e4 ei muuttanut vain yksi my\u00f6t\u00e4tuntoinen teko.<\/p>\n\n\n\n<p class=\"wp-block-paragraph\">Sen teki jokin paljon vahvempi: pitk\u00e4aikainen sitoutuminen.<\/p>\n\n\n\n<p class=\"wp-block-paragraph\">H\u00e4n j\u00e4i.<\/p>\n\n\n\n<p class=\"wp-block-paragraph\">Ja joskus matka siit\u00e4, ett\u00e4 ihminen tuntee olevansa kaikkien ohittama, siihen, ett\u00e4 h\u00e4n tiet\u00e4\u00e4 todella kuuluvansa johonkin, alkaa yhdest\u00e4 ihmisest\u00e4, joka p\u00e4\u00e4tt\u00e4\u00e4 j\u00e4\u00e4d\u00e4.<\/p>\n\n\n\n<p class=\"wp-block-paragraph\"><\/p>\n","protected":false},"excerpt":{"rendered":"Jotkut lapset syntyv\u00e4t maailmaan sukulaisten ymp\u00e4r\u00f6imin\u00e4. Heid\u00e4n l\u00e4heisens\u00e4 kuvittelevat jo tulevia syntym\u00e4p\u00e4ivi\u00e4, ensimm\u00e4ist\u00e4 koulup\u00e4iv\u00e4\u00e4 ja yhteisi\u00e4 perhejuhlia. Toisten lasten el\u00e4m\u00e4 alkaa ep\u00e4varmuudessa, odottaen \n<a class=\"moretag\" href=\"http:\/\/it.arminfonews.ru\/?p=7091\"> [...]<\/a>","protected":false},"author":1,"featured_media":7092,"comment_status":"open","ping_status":"open","sticky":false,"template":"","format":"standard","meta":{"footnotes":""},"categories":[1],"tags":[],"class_list":["post-7091","post","type-post","status-publish","format-standard","has-post-thumbnail","hentry","category-uncategorised"],"yoast_head":"<!-- This site is optimized with the Yoast SEO plugin v28.4 - https:\/\/yoast.com\/product\/yoast-seo-wordpress\/ -->\n<title>Lapsi, jonka kaikki ohittivat -<\/title>\n<meta name=\"robots\" content=\"index, follow, max-snippet:-1, max-image-preview:large, max-video-preview:-1\" \/>\n<link rel=\"canonical\" href=\"https:\/\/it.arminfonews.ru\/?p=7091\" \/>\n<meta property=\"og:locale\" content=\"ru_RU\" \/>\n<meta property=\"og:type\" content=\"article\" \/>\n<meta property=\"og:title\" content=\"Lapsi, jonka kaikki ohittivat -\" \/>\n<meta property=\"og:description\" content=\"Jotkut lapset syntyv\u00e4t maailmaan sukulaisten ymp\u00e4r\u00f6imin\u00e4. Heid\u00e4n l\u00e4heisens\u00e4 kuvittelevat jo tulevia syntym\u00e4p\u00e4ivi\u00e4, ensimm\u00e4ist\u00e4 koulup\u00e4iv\u00e4\u00e4 ja yhteisi\u00e4 perhejuhlia. Toisten lasten el\u00e4m\u00e4 alkaa ep\u00e4varmuudessa, odottaen\" \/>\n<meta property=\"og:url\" content=\"https:\/\/it.arminfonews.ru\/?p=7091\" \/>\n<meta property=\"article:published_time\" content=\"2026-09-06T06:06:19+00:00\" \/>\n<meta property=\"article:modified_time\" content=\"2026-09-06T06:06:20+00:00\" \/>\n<meta property=\"og:image\" content=\"http:\/\/it.arminfonews.ru\/wp-content\/uploads\/2026\/09\/6985-1024x538.png\" \/>\n\t<meta property=\"og:image:width\" content=\"1024\" \/>\n\t<meta property=\"og:image:height\" content=\"538\" \/>\n\t<meta property=\"og:image:type\" content=\"image\/png\" \/>\n<meta name=\"author\" content=\"admin\" \/>\n<meta name=\"twitter:card\" content=\"summary_large_image\" \/>\n<meta name=\"twitter:label1\" content=\"\u041d\u0430\u043f\u0438\u0441\u0430\u043d\u043e \u0430\u0432\u0442\u043e\u0440\u043e\u043c\" \/>\n\t<meta name=\"twitter:data1\" content=\"admin\" \/>\n\t<meta name=\"twitter:label2\" content=\"\u041f\u0440\u0438\u043c\u0435\u0440\u043d\u043e\u0435 \u0432\u0440\u0435\u043c\u044f \u0434\u043b\u044f \u0447\u0442\u0435\u043d\u0438\u044f\" \/>\n\t<meta name=\"twitter:data2\" content=\"7 \u043c\u0438\u043d\u0443\u0442\" \/>\n<script type=\"application\/ld+json\" class=\"yoast-schema-graph\">{\"@context\":\"https:\\\/\\\/schema.org\",\"@graph\":[{\"@type\":\"Article\",\"@id\":\"https:\\\/\\\/it.arminfonews.ru\\\/?p=7091#article\",\"isPartOf\":{\"@id\":\"https:\\\/\\\/it.arminfonews.ru\\\/?p=7091\"},\"author\":{\"name\":\"admin\",\"@id\":\"http:\\\/\\\/it.arminfonews.ru\\\/#\\\/schema\\\/person\\\/1f48abff21edb63bb65f2e87b4e81819\"},\"headline\":\"Lapsi, jonka kaikki ohittivat\",\"datePublished\":\"2026-09-06T06:06:19+00:00\",\"dateModified\":\"2026-09-06T06:06:20+00:00\",\"mainEntityOfPage\":{\"@id\":\"https:\\\/\\\/it.arminfonews.ru\\\/?p=7091\"},\"wordCount\":1494,\"commentCount\":0,\"image\":{\"@id\":\"https:\\\/\\\/it.arminfonews.ru\\\/?p=7091#primaryimage\"},\"thumbnailUrl\":\"http:\\\/\\\/it.arminfonews.ru\\\/wp-content\\\/uploads\\\/2026\\\/09\\\/6985.png\",\"articleSection\":[\"NEWS\"],\"inLanguage\":\"ru-RU\",\"potentialAction\":[{\"@type\":\"CommentAction\",\"name\":\"Comment\",\"target\":[\"https:\\\/\\\/it.arminfonews.ru\\\/?p=7091#respond\"]}]},{\"@type\":\"WebPage\",\"@id\":\"https:\\\/\\\/it.arminfonews.ru\\\/?p=7091\",\"url\":\"https:\\\/\\\/it.arminfonews.ru\\\/?p=7091\",\"name\":\"Lapsi, jonka kaikki ohittivat -\",\"isPartOf\":{\"@id\":\"http:\\\/\\\/it.arminfonews.ru\\\/#website\"},\"primaryImageOfPage\":{\"@id\":\"https:\\\/\\\/it.arminfonews.ru\\\/?p=7091#primaryimage\"},\"image\":{\"@id\":\"https:\\\/\\\/it.arminfonews.ru\\\/?p=7091#primaryimage\"},\"thumbnailUrl\":\"http:\\\/\\\/it.arminfonews.ru\\\/wp-content\\\/uploads\\\/2026\\\/09\\\/6985.png\",\"datePublished\":\"2026-09-06T06:06:19+00:00\",\"dateModified\":\"2026-09-06T06:06:20+00:00\",\"author\":{\"@id\":\"http:\\\/\\\/it.arminfonews.ru\\\/#\\\/schema\\\/person\\\/1f48abff21edb63bb65f2e87b4e81819\"},\"breadcrumb\":{\"@id\":\"https:\\\/\\\/it.arminfonews.ru\\\/?p=7091#breadcrumb\"},\"inLanguage\":\"ru-RU\",\"potentialAction\":[{\"@type\":\"ReadAction\",\"target\":[\"https:\\\/\\\/it.arminfonews.ru\\\/?p=7091\"]}]},{\"@type\":\"ImageObject\",\"inLanguage\":\"ru-RU\",\"@id\":\"https:\\\/\\\/it.arminfonews.ru\\\/?p=7091#primaryimage\",\"url\":\"http:\\\/\\\/it.arminfonews.ru\\\/wp-content\\\/uploads\\\/2026\\\/09\\\/6985.png\",\"contentUrl\":\"http:\\\/\\\/it.arminfonews.ru\\\/wp-content\\\/uploads\\\/2026\\\/09\\\/6985.png\",\"width\":1731,\"height\":909},{\"@type\":\"BreadcrumbList\",\"@id\":\"https:\\\/\\\/it.arminfonews.ru\\\/?p=7091#breadcrumb\",\"itemListElement\":[{\"@type\":\"ListItem\",\"position\":1,\"name\":\"\u0413\u043b\u0430\u0432\u043d\u0430\u044f \u0441\u0442\u0440\u0430\u043d\u0438\u0446\u0430\",\"item\":\"http:\\\/\\\/it.arminfonews.ru\\\/\"},{\"@type\":\"ListItem\",\"position\":2,\"name\":\"Lapsi, jonka kaikki ohittivat\"}]},{\"@type\":\"WebSite\",\"@id\":\"http:\\\/\\\/it.arminfonews.ru\\\/#website\",\"url\":\"http:\\\/\\\/it.arminfonews.ru\\\/\",\"name\":\"\",\"description\":\"\",\"potentialAction\":[{\"@type\":\"SearchAction\",\"target\":{\"@type\":\"EntryPoint\",\"urlTemplate\":\"http:\\\/\\\/it.arminfonews.ru\\\/?s={search_term_string}\"},\"query-input\":{\"@type\":\"PropertyValueSpecification\",\"valueRequired\":true,\"valueName\":\"search_term_string\"}}],\"inLanguage\":\"ru-RU\"},{\"@type\":\"Person\",\"@id\":\"http:\\\/\\\/it.arminfonews.ru\\\/#\\\/schema\\\/person\\\/1f48abff21edb63bb65f2e87b4e81819\",\"name\":\"admin\",\"image\":{\"@type\":\"ImageObject\",\"inLanguage\":\"ru-RU\",\"@id\":\"https:\\\/\\\/secure.gravatar.com\\\/avatar\\\/0ed435f9e4056e0930898ce78c89fa82fe18d3c798c761c71f1f33be878b3b0b?s=96&d=mm&r=g\",\"url\":\"https:\\\/\\\/secure.gravatar.com\\\/avatar\\\/0ed435f9e4056e0930898ce78c89fa82fe18d3c798c761c71f1f33be878b3b0b?s=96&d=mm&r=g\",\"contentUrl\":\"https:\\\/\\\/secure.gravatar.com\\\/avatar\\\/0ed435f9e4056e0930898ce78c89fa82fe18d3c798c761c71f1f33be878b3b0b?s=96&d=mm&r=g\",\"caption\":\"admin\"},\"sameAs\":[\"http:\\\/\\\/it.arminfonews.ru\"],\"url\":\"http:\\\/\\\/it.arminfonews.ru\\\/?author=1\"}]}<\/script>\n<!-- \/ Yoast SEO plugin. -->","yoast_head_json":{"title":"Lapsi, jonka kaikki ohittivat -","robots":{"index":"index","follow":"follow","max-snippet":"max-snippet:-1","max-image-preview":"max-image-preview:large","max-video-preview":"max-video-preview:-1"},"canonical":"https:\/\/it.arminfonews.ru\/?p=7091","og_locale":"ru_RU","og_type":"article","og_title":"Lapsi, jonka kaikki ohittivat -","og_description":"Jotkut lapset syntyv\u00e4t maailmaan sukulaisten ymp\u00e4r\u00f6imin\u00e4. Heid\u00e4n l\u00e4heisens\u00e4 kuvittelevat jo tulevia syntym\u00e4p\u00e4ivi\u00e4, ensimm\u00e4ist\u00e4 koulup\u00e4iv\u00e4\u00e4 ja yhteisi\u00e4 perhejuhlia. Toisten lasten el\u00e4m\u00e4 alkaa ep\u00e4varmuudessa, odottaen","og_url":"https:\/\/it.arminfonews.ru\/?p=7091","article_published_time":"2026-09-06T06:06:19+00:00","article_modified_time":"2026-09-06T06:06:20+00:00","og_image":[{"width":1024,"height":538,"url":"http:\/\/it.arminfonews.ru\/wp-content\/uploads\/2026\/09\/6985-1024x538.png","type":"image\/png"}],"author":"admin","twitter_card":"summary_large_image","twitter_misc":{"\u041d\u0430\u043f\u0438\u0441\u0430\u043d\u043e \u0430\u0432\u0442\u043e\u0440\u043e\u043c":"admin","\u041f\u0440\u0438\u043c\u0435\u0440\u043d\u043e\u0435 \u0432\u0440\u0435\u043c\u044f \u0434\u043b\u044f \u0447\u0442\u0435\u043d\u0438\u044f":"7 \u043c\u0438\u043d\u0443\u0442"},"schema":{"@context":"https:\/\/schema.org","@graph":[{"@type":"Article","@id":"https:\/\/it.arminfonews.ru\/?p=7091#article","isPartOf":{"@id":"https:\/\/it.arminfonews.ru\/?p=7091"},"author":{"name":"admin","@id":"http:\/\/it.arminfonews.ru\/#\/schema\/person\/1f48abff21edb63bb65f2e87b4e81819"},"headline":"Lapsi, jonka kaikki ohittivat","datePublished":"2026-09-06T06:06:19+00:00","dateModified":"2026-09-06T06:06:20+00:00","mainEntityOfPage":{"@id":"https:\/\/it.arminfonews.ru\/?p=7091"},"wordCount":1494,"commentCount":0,"image":{"@id":"https:\/\/it.arminfonews.ru\/?p=7091#primaryimage"},"thumbnailUrl":"http:\/\/it.arminfonews.ru\/wp-content\/uploads\/2026\/09\/6985.png","articleSection":["NEWS"],"inLanguage":"ru-RU","potentialAction":[{"@type":"CommentAction","name":"Comment","target":["https:\/\/it.arminfonews.ru\/?p=7091#respond"]}]},{"@type":"WebPage","@id":"https:\/\/it.arminfonews.ru\/?p=7091","url":"https:\/\/it.arminfonews.ru\/?p=7091","name":"Lapsi, jonka kaikki ohittivat -","isPartOf":{"@id":"http:\/\/it.arminfonews.ru\/#website"},"primaryImageOfPage":{"@id":"https:\/\/it.arminfonews.ru\/?p=7091#primaryimage"},"image":{"@id":"https:\/\/it.arminfonews.ru\/?p=7091#primaryimage"},"thumbnailUrl":"http:\/\/it.arminfonews.ru\/wp-content\/uploads\/2026\/09\/6985.png","datePublished":"2026-09-06T06:06:19+00:00","dateModified":"2026-09-06T06:06:20+00:00","author":{"@id":"http:\/\/it.arminfonews.ru\/#\/schema\/person\/1f48abff21edb63bb65f2e87b4e81819"},"breadcrumb":{"@id":"https:\/\/it.arminfonews.ru\/?p=7091#breadcrumb"},"inLanguage":"ru-RU","potentialAction":[{"@type":"ReadAction","target":["https:\/\/it.arminfonews.ru\/?p=7091"]}]},{"@type":"ImageObject","inLanguage":"ru-RU","@id":"https:\/\/it.arminfonews.ru\/?p=7091#primaryimage","url":"http:\/\/it.arminfonews.ru\/wp-content\/uploads\/2026\/09\/6985.png","contentUrl":"http:\/\/it.arminfonews.ru\/wp-content\/uploads\/2026\/09\/6985.png","width":1731,"height":909},{"@type":"BreadcrumbList","@id":"https:\/\/it.arminfonews.ru\/?p=7091#breadcrumb","itemListElement":[{"@type":"ListItem","position":1,"name":"\u0413\u043b\u0430\u0432\u043d\u0430\u044f \u0441\u0442\u0440\u0430\u043d\u0438\u0446\u0430","item":"http:\/\/it.arminfonews.ru\/"},{"@type":"ListItem","position":2,"name":"Lapsi, jonka kaikki ohittivat"}]},{"@type":"WebSite","@id":"http:\/\/it.arminfonews.ru\/#website","url":"http:\/\/it.arminfonews.ru\/","name":"","description":"","potentialAction":[{"@type":"SearchAction","target":{"@type":"EntryPoint","urlTemplate":"http:\/\/it.arminfonews.ru\/?s={search_term_string}"},"query-input":{"@type":"PropertyValueSpecification","valueRequired":true,"valueName":"search_term_string"}}],"inLanguage":"ru-RU"},{"@type":"Person","@id":"http:\/\/it.arminfonews.ru\/#\/schema\/person\/1f48abff21edb63bb65f2e87b4e81819","name":"admin","image":{"@type":"ImageObject","inLanguage":"ru-RU","@id":"https:\/\/secure.gravatar.com\/avatar\/0ed435f9e4056e0930898ce78c89fa82fe18d3c798c761c71f1f33be878b3b0b?s=96&d=mm&r=g","url":"https:\/\/secure.gravatar.com\/avatar\/0ed435f9e4056e0930898ce78c89fa82fe18d3c798c761c71f1f33be878b3b0b?s=96&d=mm&r=g","contentUrl":"https:\/\/secure.gravatar.com\/avatar\/0ed435f9e4056e0930898ce78c89fa82fe18d3c798c761c71f1f33be878b3b0b?s=96&d=mm&r=g","caption":"admin"},"sameAs":["http:\/\/it.arminfonews.ru"],"url":"http:\/\/it.arminfonews.ru\/?author=1"}]}},"_links":{"self":[{"href":"http:\/\/it.arminfonews.ru\/index.php?rest_route=\/wp\/v2\/posts\/7091","targetHints":{"allow":["GET"]}}],"collection":[{"href":"http:\/\/it.arminfonews.ru\/index.php?rest_route=\/wp\/v2\/posts"}],"about":[{"href":"http:\/\/it.arminfonews.ru\/index.php?rest_route=\/wp\/v2\/types\/post"}],"author":[{"embeddable":true,"href":"http:\/\/it.arminfonews.ru\/index.php?rest_route=\/wp\/v2\/users\/1"}],"replies":[{"embeddable":true,"href":"http:\/\/it.arminfonews.ru\/index.php?rest_route=%2Fwp%2Fv2%2Fcomments&post=7091"}],"version-history":[{"count":1,"href":"http:\/\/it.arminfonews.ru\/index.php?rest_route=\/wp\/v2\/posts\/7091\/revisions"}],"predecessor-version":[{"id":7093,"href":"http:\/\/it.arminfonews.ru\/index.php?rest_route=\/wp\/v2\/posts\/7091\/revisions\/7093"}],"wp:featuredmedia":[{"embeddable":true,"href":"http:\/\/it.arminfonews.ru\/index.php?rest_route=\/wp\/v2\/media\/7092"}],"wp:attachment":[{"href":"http:\/\/it.arminfonews.ru\/index.php?rest_route=%2Fwp%2Fv2%2Fmedia&parent=7091"}],"wp:term":[{"taxonomy":"category","embeddable":true,"href":"http:\/\/it.arminfonews.ru\/index.php?rest_route=%2Fwp%2Fv2%2Fcategories&post=7091"},{"taxonomy":"post_tag","embeddable":true,"href":"http:\/\/it.arminfonews.ru\/index.php?rest_route=%2Fwp%2Fv2%2Ftags&post=7091"}],"curies":[{"name":"wp","href":"https:\/\/api.w.org\/{rel}","templated":true}]}}