{"id":7088,"date":"2026-09-06T06:40:37","date_gmt":"2026-09-06T05:40:37","guid":{"rendered":"https:\/\/it.arminfonews.ru\/?p=7088"},"modified":"2026-09-06T06:40:38","modified_gmt":"2026-09-06T05:40:38","slug":"charlotte-garside-poikkeuksellinen-matka-teini-ikaan","status":"publish","type":"post","link":"http:\/\/it.arminfonews.ru\/?p=7088","title":{"rendered":"Charlotte Garside: Poikkeuksellinen matka teini-ik\u00e4\u00e4n"},"content":{"rendered":"\n<p class=\"wp-block-paragraph\">Joillakin syntym\u00e4p\u00e4ivill\u00e4 on merkitys, joka ulottuu paljon kynttil\u00f6it\u00e4, lahjoja ja perhevalokuvia pidemm\u00e4lle. Charlotte Garsidelle ja h\u00e4nen perheelleen 16-vuotissyntym\u00e4p\u00e4iv\u00e4 merkitsi j\u00e4lleen yht\u00e4 t\u00e4rke\u00e4\u00e4 virstanpylv\u00e4st\u00e4 el\u00e4m\u00e4ss\u00e4, joka her\u00e4tti huomiota aivan alusta l\u00e4htien.<\/p>\n\n\n\n<p class=\"wp-block-paragraph\">Charlotte tuli tunnetuksi ennen kaikkea poikkeuksellisen pienen kokonsa vuoksi. Lapsuudesta kertovien tietojen mukaan h\u00e4n painoi syntyess\u00e4\u00e4n noin 900 grammaa, mik\u00e4 teki h\u00e4nest\u00e4 huomattavasti pienemm\u00e4n kuin useimmat vastasyntyneet. My\u00f6s h\u00e4nen kasvaessaan h\u00e4nen fyysinen kehityksens\u00e4 pysyi hyvin ep\u00e4tavallisena, ja h\u00e4nen tarinansa alkoi kiinnostaa tiedotusv\u00e4lineit\u00e4 eri puolilla maailmaa. H\u00e4nt\u00e4 kuvailtiin usein yhdeksi maailman pienimmist\u00e4 tyt\u00f6ist\u00e4.<\/p>\n\n\n\n<figure class=\"wp-block-gallery has-nested-images columns-default is-cropped wp-block-gallery-1 is-layout-flex wp-block-gallery-is-layout-flex\">\n<figure class=\"wp-block-image size-large\"><img loading=\"lazy\" decoding=\"async\" width=\"1024\" height=\"538\" data-id=\"7089\" src=\"https:\/\/it.arminfonews.ru\/wp-content\/uploads\/2026\/09\/335-1024x538.png\" alt=\"\" class=\"wp-image-7089\" srcset=\"http:\/\/it.arminfonews.ru\/wp-content\/uploads\/2026\/09\/335-1024x538.png 1024w, http:\/\/it.arminfonews.ru\/wp-content\/uploads\/2026\/09\/335-300x158.png 300w, http:\/\/it.arminfonews.ru\/wp-content\/uploads\/2026\/09\/335-767x403.png 767w, http:\/\/it.arminfonews.ru\/wp-content\/uploads\/2026\/09\/335-1536x807.png 1536w, http:\/\/it.arminfonews.ru\/wp-content\/uploads\/2026\/09\/335.png 1731w\" sizes=\"auto, (max-width: 1024px) 100vw, 1024px\" \/><\/figure>\n<\/figure>\n\n\n\n<p class=\"wp-block-paragraph\">Pelkill\u00e4 numeroilla Charlotten tarinaa ei kuitenkaan voi kertoa. Pituutta ja painoa koskevien otsikoiden takana oli lapsi, joka kasvoi perheens\u00e4 keskell\u00e4, k\u00e4vi koulua, kehitti omaa persoonallisuuttaan ja koki monia samoja lapsuuden vaiheita kuin muutkin nuoret.<\/p>\n\n\n\n<p class=\"wp-block-paragraph\">H\u00e4nen matkansa kohti nuoruutta muistuttaa siit\u00e4, ettei ihmisen el\u00e4m\u00e4\u00e4 voida m\u00e4\u00e4ritell\u00e4 pelkill\u00e4 mitoilla.<\/p>\n\n\n\n<h2 class=\"wp-block-heading\">Ep\u00e4tavallinen alku el\u00e4m\u00e4lle<\/h2>\n\n\n\n<p class=\"wp-block-paragraph\">Tavallinen t\u00e4ysiaikaisena syntynyt vauva painaa useita kiloja. Charlotten kerrottiin painaneen syntyess\u00e4\u00e4n vain noin 900 grammaa, joten h\u00e4nen tilanteensa oli alusta l\u00e4htien hyvin poikkeuksellinen.<\/p>\n\n\n\n<p class=\"wp-block-paragraph\">Eritt\u00e4in pienipainoiset vastasyntyneet voivat tarvita erityisen tarkkaa l\u00e4\u00e4ketieteellist\u00e4 seurantaa, sill\u00e4 pieni koko ja kehitysvaihe voivat vaikuttaa moniin terveyteen liittyviin tekij\u00f6ihin. L\u00e4\u00e4k\u00e4rit seuraavat t\u00e4llaisissa tilanteissa yleens\u00e4 tarkasti muun muassa kasvua, hengityst\u00e4, ravinnonsaantia, kehon l\u00e4mp\u00f6tilan s\u00e4\u00e4tely\u00e4 ja muita elint\u00e4rkeit\u00e4 toimintoja.<\/p>\n\n\n\n<p class=\"wp-block-paragraph\">Charlotten kohdalla kyse ei kuitenkaan ollut vain pienest\u00e4 vauvasta, joka my\u00f6hemmin yksinkertaisesti saavuttaisi ik\u00e4toverinsa kasvussa.<\/p>\n\n\n\n<p class=\"wp-block-paragraph\">Vuosien kuluessa k\u00e4vi yh\u00e4 selvemm\u00e4ksi, ett\u00e4 h\u00e4nen fyysinen kehityksens\u00e4 eteni hyvin harvinaisella tavalla. Poikkeuksellisen pieni koko s\u00e4ilyi yhten\u00e4 h\u00e4nen n\u00e4kyvimmist\u00e4 fyysisist\u00e4 ominaisuuksistaan koko lapsuuden ajan. T\u00e4m\u00e4 toi h\u00e4nen tarinansa sanomalehtien, televisio-ohjelmien ja verkkosivustojen tietoisuuteen monissa maissa.<\/p>\n\n\n\n<p class=\"wp-block-paragraph\">Mediassa Charlottea kutsuttiin toistuvasti \u201dmaailman pienimm\u00e4ksi tyt\u00f6ksi\u201d. T\u00e4llaiset ilmaukset her\u00e4tt\u00e4v\u00e4t helposti kiinnostusta, mutta samalla ne voivat yksinkertaistaa paljon monimutkaisempaa todellisuutta.<\/p>\n\n\n\n<p class=\"wp-block-paragraph\">Charlotte ei ollut enn\u00e4tys tai erikoisuus. H\u00e4n oli lapsi, jonka fyysinen kehitys oli \u00e4\u00e4rimm\u00e4isen harvinaista.<\/p>\n\n\n\n<h2 class=\"wp-block-heading\">Lapsuus julkisuuden keskell\u00e4<\/h2>\n\n\n\n<p class=\"wp-block-paragraph\">Useimmat lapset saavat kasvaa p\u00e4\u00e4osin poissa julkisuudesta. Ensimm\u00e4iset koulup\u00e4iv\u00e4t, perhejuhlat ja tavalliset lapsuuden kokemukset pysyv\u00e4t yleens\u00e4 yksityisin\u00e4.<\/p>\n\n\n\n<p class=\"wp-block-paragraph\">Charlotten kohdalla tilanne oli erilainen.<\/p>\n\n\n\n<p class=\"wp-block-paragraph\">H\u00e4nen pieni kokonsa her\u00e4tti helposti tuntemattomien ihmisten huomion. Median kiinnostus lis\u00e4si t\u00e4t\u00e4 entisest\u00e4\u00e4n, ja valokuvia, joissa Charlotte seisoi perheenj\u00e4sentens\u00e4 tai tavallisten esineiden vieress\u00e4, k\u00e4ytettiin usein havainnollistamaan h\u00e4nen poikkeuksellisen pient\u00e4 kokoaan.<\/p>\n\n\n\n<p class=\"wp-block-paragraph\">Kontrasti saattoi olla silmiinpist\u00e4v\u00e4, mutta t\u00e4llaiset vertailut kertoivat vain yhden osan h\u00e4nen el\u00e4m\u00e4st\u00e4\u00e4n.<\/p>\n\n\n\n<p class=\"wp-block-paragraph\">Perheelle t\u00e4rke\u00e4mp\u00e4\u00e4 oli luoda ymp\u00e4rist\u00f6, jossa Charlotte pystyi osallistumaan tavalliseen arkeen ja saamaan samalla omiin tarpeisiinsa sopivaa tukea.<\/p>\n\n\n\n<p class=\"wp-block-paragraph\">Kun huomattavasti keskivertoa pienempi lapsi kasvaa, my\u00f6s h\u00e4nen tarpeensa voivat muuttua. Asia, joka on helppo j\u00e4rjest\u00e4\u00e4 kotona, saattaa olla paljon vaikeampi koulussa tai julkisissa tiloissa. Huonekalut, vaatteet, kulkuv\u00e4lineet ja monet muut arkiset asiat suunnitellaan yleens\u00e4 keskikokoiselle ihmiselle.<\/p>\n\n\n\n<p class=\"wp-block-paragraph\">Jos ihmisen kehon mittasuhteet poikkeavat t\u00e4st\u00e4 huomattavasti, h\u00e4n voi kohdata k\u00e4yt\u00e4nn\u00f6n esteit\u00e4, joita useimpien muiden ei tarvitse koskaan edes ajatella.<\/p>\n\n\n\n<p class=\"wp-block-paragraph\">Juuri t\u00e4st\u00e4 syyst\u00e4 perheen tuki voi olla erityisen t\u00e4rke\u00e4\u00e4. Vanhemmat ja sisarukset ovat usein ensimm\u00e4isi\u00e4 ihmisi\u00e4, jotka auttavat lasta toimimaan maailmassa, jota ei ole suunniteltu h\u00e4nen erityisi\u00e4 fyysisi\u00e4 tarpeitaan ajatellen.<\/p>\n\n\n\n<h2 class=\"wp-block-heading\">Ihminen on enemm\u00e4n kuin pituutensa<\/h2>\n\n\n\n<p class=\"wp-block-paragraph\">Harvinaisiin terveydellisiin tiloihin kohdistuva julkinen kiinnostus voi joskus johtaa ongelmalliseen ilmi\u00f6\u00f6n: sairaudesta tai fyysisest\u00e4 ominaisuudesta tulee tunnetumpi kuin itse ihmisest\u00e4.<\/p>\n\n\n\n<p class=\"wp-block-paragraph\">Charlotten tarina tarjoaa mahdollisuuden tarkastella asiaa toisesta n\u00e4k\u00f6kulmasta.<\/p>\n\n\n\n<p class=\"wp-block-paragraph\">Teini-ik\u00e4ist\u00e4 ei m\u00e4\u00e4rittele pelk\u00e4st\u00e4\u00e4n diagnoosi, pituus tai paino. Harvinaisen tilan kanssa el\u00e4v\u00e4ll\u00e4 nuorella on aivan kuten muillakin omat mieltymyksens\u00e4, tunteensa, tavoitteensa, pettymyksens\u00e4 ja ihmissuhteensa. Niit\u00e4 ei voi ymm\u00e4rt\u00e4\u00e4 l\u00e4\u00e4ketieteellisten tilastojen perusteella.<\/p>\n\n\n\n<p class=\"wp-block-paragraph\">T\u00e4ll\u00e4 erolla on merkityst\u00e4, sill\u00e4 k\u00e4ytt\u00e4m\u00e4mme kieli vaikuttaa siihen, miten yhteiskunta n\u00e4kee ihmiset.<\/p>\n\n\n\n<p class=\"wp-block-paragraph\">Jonkun kutsuminen \u201dmaailman pienimm\u00e4ksi\u201d voi vaikuttaa harmittomalta, varsinkin jos ilmaus on per\u00e4isin sanomalehtiotsikoista. Jos sit\u00e4 kuitenkin toistetaan jatkuvasti, vaarana on, ett\u00e4 yksitt\u00e4inen ihminen muuttuu yleis\u00f6n silmiss\u00e4 pelk\u00e4ksi erikoisuudeksi.<\/p>\n\n\n\n<p class=\"wp-block-paragraph\">Kunnioittavampi l\u00e4hestymistapa tunnistaa ihmisen tilanteen poikkeuksellisuuden antamatta sen peitt\u00e4\u00e4 kaikkea muuta h\u00e4nen el\u00e4m\u00e4ss\u00e4\u00e4n.<\/p>\n\n\n\n<p class=\"wp-block-paragraph\">Charlotten varttuminen muistuttaa t\u00e4st\u00e4 hyvin. Jokainen syntym\u00e4p\u00e4iv\u00e4 ei tarkoittanut vain sit\u00e4, ett\u00e4 poikkeuksellisen pieni lapsi oli j\u00e4lleen vuoden vanhempi. Se merkitsi uutta vaihetta kasvamisessa.<\/p>\n\n\n\n<p class=\"wp-block-paragraph\">Ja 16-vuotissyntym\u00e4p\u00e4iv\u00e4ll\u00e4 on monille aivan erityinen merkitys.<\/p>\n\n\n\n<h2 class=\"wp-block-heading\">Miksi 16 vuotta on t\u00e4rke\u00e4 rajapyykki?<\/h2>\n\n\n\n<p class=\"wp-block-paragraph\">Monissa maissa 16-vuotissyntym\u00e4p\u00e4iv\u00e4\u00e4 pidet\u00e4\u00e4n symbolisena siirtym\u00e4n\u00e4 lapsuudesta kohti suurempaa itsen\u00e4isyytt\u00e4.<\/p>\n\n\n\n<p class=\"wp-block-paragraph\">T\u00e4ss\u00e4 i\u00e4ss\u00e4 nuoret muodostavat yh\u00e4 vahvempaa k\u00e4sityst\u00e4 siit\u00e4, keit\u00e4 he ovat ja millaisina he haluavat muiden n\u00e4kev\u00e4n heid\u00e4t. He alkavat saada enemm\u00e4n itsen\u00e4isyytt\u00e4 vanhemmistaan, vaikka perheen tuki on edelleen t\u00e4rke\u00e4\u00e4.<\/p>\n\n\n\n<p class=\"wp-block-paragraph\">Nuorelle, joka on suuren osan el\u00e4m\u00e4st\u00e4\u00e4n saanut huomiota ulkon\u00e4k\u00f6ns\u00e4 vuoksi, t\u00e4m\u00e4 el\u00e4m\u00e4nvaihe voi tuoda mukanaan my\u00f6s erityisi\u00e4 haasteita.<\/p>\n\n\n\n<p class=\"wp-block-paragraph\">Ei ole oikein olettaa, miten Charlotte itse kokee t\u00e4llaiset tilanteet, ellei h\u00e4n ole niist\u00e4 julkisesti kertonut. Yleisell\u00e4 tasolla voidaan kuitenkin todeta, ett\u00e4 n\u00e4kyv\u00e4sti muista poikkeavat nuoret voivat joutua kohtaamaan asioita, joita heid\u00e4n ik\u00e4toverinsa eiv\u00e4t v\u00e4ltt\u00e4m\u00e4tt\u00e4 koe: tuntemattomien tuijotusta, ei-toivottua huomiota tai oletuksia heid\u00e4n kyvyist\u00e4\u00e4n.<\/p>\n\n\n\n<p class=\"wp-block-paragraph\">Siksi ihmisarvo ja mahdollisuus itsen\u00e4isyyteen ovat erityisen t\u00e4rkeit\u00e4.<\/p>\n\n\n\n<p class=\"wp-block-paragraph\">Harvinaisten kasvuh\u00e4iri\u00f6iden kanssa el\u00e4v\u00e4t ihmiset voivat tarvita k\u00e4yt\u00e4nn\u00f6n apua joissakin asioissa ja olla samalla t\u00e4ysin kykenevi\u00e4 tekem\u00e4\u00e4n itsen\u00e4isi\u00e4 p\u00e4\u00e4t\u00f6ksi\u00e4 toisissa. Fyysist\u00e4 kokoa ei pid\u00e4 koskaan automaattisesti yhdist\u00e4\u00e4 \u00e4lykkyyteen, kypsyyteen tai persoonallisuuteen.<\/p>\n\n\n\n<p class=\"wp-block-paragraph\">T\u00e4m\u00e4 on erityisen t\u00e4rke\u00e4\u00e4 lapsen siirtyess\u00e4 nuoruuteen ja my\u00f6hemmin aikuisuuteen.<\/p>\n\n\n\n<h2 class=\"wp-block-heading\">Perheen merkitys<\/h2>\n\n\n\n<p class=\"wp-block-paragraph\">Yksi Charlotten el\u00e4m\u00e4st\u00e4 kertovissa julkisissa tiedoissa toistuvasti esiin nousseista asioista on h\u00e4nen perheens\u00e4 merkitys.<\/p>\n\n\n\n<p class=\"wp-block-paragraph\">Poikkeuksellisissa olosuhteissa kasvavalle lapselle kannustava koti voi tarjota vakautta silloin, kun ymp\u00e4r\u00f6iv\u00e4 maailma tuntuu arvaamattomalta. Perheenj\u00e4senist\u00e4 voi tulla hoivaajien lis\u00e4ksi lapsen puolestapuhujia heid\u00e4n keskustellessaan koulujen, terveydenhuollon ammattilaisten ja muiden tahojen kanssa.<\/p>\n\n\n\n<p class=\"wp-block-paragraph\">My\u00f6s emotionaalinen tuki on t\u00e4rke\u00e4\u00e4.<\/p>\n\n\n\n<p class=\"wp-block-paragraph\">Lapset huomaavat nopeasti, jos vieraat ihmiset tuijottavat heit\u00e4 tai kohtelevat heit\u00e4 eri tavalla. Perhe voi auttaa rakentamaan tunnetta tavallisesta arjesta ja yhteenkuuluvuudesta silloin, kun ulkopuolisten uteliaisuus uhkaa h\u00e4irit\u00e4 sit\u00e4.<\/p>\n\n\n\n<p class=\"wp-block-paragraph\">T\u00e4m\u00e4 ei tarkoita erojen olemassaolon kielt\u00e4mist\u00e4. Tarkoituksena on pikemminkin varmistaa, etteiv\u00e4t n\u00e4m\u00e4 erot muutu lapsen koko identiteetiksi.<\/p>\n\n\n\n<p class=\"wp-block-paragraph\">Siksi Charlotten perheen tarjoama tuki on h\u00e4nen tarinassaan merkityksellisempi asia kuin sensaatiomaiset vertailut h\u00e4nen koostaan.<\/p>\n\n\n\n<h2 class=\"wp-block-heading\">Mit\u00e4 harvinaiset el\u00e4m\u00e4ntarinat voivat opettaa?<\/h2>\n\n\n\n<p class=\"wp-block-paragraph\">Charlotten kaltaiset tarinat her\u00e4tt\u00e4v\u00e4t usein huomiota juuri siksi, ett\u00e4 ne ovat poikkeuksellisia. Samalla ne voivat kertoa jotain my\u00f6s t\u00e4ysin tavallisesta ymp\u00e4r\u00f6iv\u00e4st\u00e4 maailmasta.<\/p>\n\n\n\n<p class=\"wp-block-paragraph\">Useimmat rakennukset, tuotteet, koulut ja julkiset tilat suunnitellaan sen oletuksen perusteella, milt\u00e4 keskivertoihmisen keho n\u00e4ytt\u00e4\u00e4. Suurimmalle osalle ihmisist\u00e4 t\u00e4m\u00e4 toimii hyvin, mutta huomattavasti keskim\u00e4\u00e4r\u00e4isest\u00e4 poikkeavalle ihmiselle se voi synnytt\u00e4\u00e4 erilaisia esteit\u00e4.<\/p>\n\n\n\n<p class=\"wp-block-paragraph\">Esteett\u00f6myys tarkoittaa siksi paljon muutakin kuin ramppeja ja hissej\u00e4.<\/p>\n\n\n\n<p class=\"wp-block-paragraph\">Kyse voi olla tiskin korkeudesta, tuolin koosta, sopivien vaatteiden saatavuudesta, liikennev\u00e4lineiden k\u00e4ytt\u00e4misest\u00e4 tai koululuokan j\u00e4rjestelyst\u00e4. Joskus pienilt\u00e4 vaikuttavat muutokset voivat vaikuttaa merkitt\u00e4v\u00e4sti ihmisen itsen\u00e4isyyteen.<\/p>\n\n\n\n<p class=\"wp-block-paragraph\">On olemassa my\u00f6s sosiaalista esteett\u00f6myytt\u00e4: ihmiselle annetaan mahdollisuus osallistua tavalliseen el\u00e4m\u00e4\u00e4n ilman, ett\u00e4 h\u00e4nen fyysisest\u00e4 erilaisuudestaan tehd\u00e4\u00e4n jatkuvasti huomion keskipiste.<\/p>\n\n\n\n<p class=\"wp-block-paragraph\">Uteliaisuus on luonnollista. Kunnioitus n\u00e4kyy siin\u00e4, miten uteliaisuutta ilmaistaan.<\/p>\n\n\n\n<h2 class=\"wp-block-heading\">Virstanpylv\u00e4s, jolla on merkityst\u00e4<\/h2>\n\n\n\n<p class=\"wp-block-paragraph\">Kun Charlotte tuli ensimm\u00e4isen kerran laajemman yleis\u00f6n tietoisuuteen, huomio keskittyi suurelta osin h\u00e4nen poikkeuksellisen pieneen kokoonsa. Tiedot h\u00e4nen syntym\u00e4painostaan ja my\u00f6hemm\u00e4st\u00e4 kasvustaan synnyttiv\u00e4t n\u00e4ytt\u00e4vi\u00e4 otsikoita ja erilaisia vertailuja.<\/p>\n\n\n\n<p class=\"wp-block-paragraph\">Vuosien j\u00e4lkeen olennaisempaa on kuitenkin jokin paljon yksinkertaisempi: el\u00e4m\u00e4 jatkui.<\/p>\n\n\n\n<p class=\"wp-block-paragraph\">Pienest\u00e4 vauvasta kasvoi lapsi. H\u00e4n saavutti koului\u00e4n. Lapsuus vaihtui v\u00e4hitellen nuoruuteen, ja lopulta koitti j\u00e4lleen uusi t\u00e4rke\u00e4 hetki \u2013 16-vuotissyntym\u00e4p\u00e4iv\u00e4.<\/p>\n\n\n\n<p class=\"wp-block-paragraph\">Valokuvista tai kehon mitoista ei voida tiet\u00e4\u00e4, mit\u00e4 t\u00e4m\u00e4n matkan jokainen vaihe on merkinnyt Charlottelle ja h\u00e4nen l\u00e4heisilleen. Olisi v\u00e4\u00e4rin keksi\u00e4 vaikeuksia, tunteita tai saavutuksia, joista he eiv\u00e4t itse ole kertoneet.<\/p>\n\n\n\n<p class=\"wp-block-paragraph\">Tunnetut tiedot kertovat kuitenkin nuoresta ihmisest\u00e4, jonka el\u00e4m\u00e4 on jatkunut paljon pidemm\u00e4lle kuin ne poikkeukselliset olosuhteet, jotka alun perin toivat h\u00e4net julkisuuteen.<\/p>\n\n\n\n<p class=\"wp-block-paragraph\">Ehk\u00e4 juuri n\u00e4in Charlotte Garsiden tarinaa kannattaa tarkastella.<\/p>\n\n\n\n<p class=\"wp-block-paragraph\">H\u00e4nen kokonsa toi h\u00e4nelle julkisuutta, mutta se ei m\u00e4\u00e4rittele h\u00e4nen koko el\u00e4m\u00e4\u00e4ns\u00e4. Jokaisen numeron ja tilaston takana on ihminen, joka kasvaa, oppii ja muuttuu ajan my\u00f6t\u00e4.<\/p>\n\n\n\n<p class=\"wp-block-paragraph\">Kuusitoista vuotta poikkeuksellisen alun j\u00e4lkeen Charlotten syntym\u00e4p\u00e4iv\u00e4 on enemm\u00e4n kuin vain uusi numero. Se muistuttaa siit\u00e4, ett\u00e4 ihmisel\u00e4m\u00e4n merkitt\u00e4vin osa l\u00f6ytyy harvoin mitoista tai tilastoista. Paljon t\u00e4rke\u00e4mp\u00e4\u00e4 on el\u00e4m\u00e4, joka niiden ymp\u00e4rille v\u00e4hitellen rakentuu.<\/p>\n\n\n\n<p class=\"wp-block-paragraph\"><\/p>\n","protected":false},"excerpt":{"rendered":"Joillakin syntym\u00e4p\u00e4ivill\u00e4 on merkitys, joka ulottuu paljon kynttil\u00f6it\u00e4, lahjoja ja perhevalokuvia pidemm\u00e4lle. Charlotte Garsidelle ja h\u00e4nen perheelleen 16-vuotissyntym\u00e4p\u00e4iv\u00e4 merkitsi j\u00e4lleen yht\u00e4 t\u00e4rke\u00e4\u00e4 virstanpylv\u00e4st\u00e4 \n<a class=\"moretag\" href=\"http:\/\/it.arminfonews.ru\/?p=7088\"> [...]<\/a>","protected":false},"author":1,"featured_media":7089,"comment_status":"open","ping_status":"open","sticky":false,"template":"","format":"standard","meta":{"footnotes":""},"categories":[1],"tags":[],"class_list":["post-7088","post","type-post","status-publish","format-standard","has-post-thumbnail","hentry","category-uncategorised"],"yoast_head":"<!-- This site is optimized with the Yoast SEO plugin v28.4 - https:\/\/yoast.com\/product\/yoast-seo-wordpress\/ -->\n<title>Charlotte Garside: Poikkeuksellinen matka teini-ik\u00e4\u00e4n -<\/title>\n<meta name=\"robots\" content=\"index, follow, max-snippet:-1, max-image-preview:large, max-video-preview:-1\" \/>\n<link rel=\"canonical\" href=\"https:\/\/it.arminfonews.ru\/?p=7088\" \/>\n<meta property=\"og:locale\" content=\"ru_RU\" \/>\n<meta property=\"og:type\" content=\"article\" \/>\n<meta property=\"og:title\" content=\"Charlotte Garside: Poikkeuksellinen matka teini-ik\u00e4\u00e4n -\" \/>\n<meta property=\"og:description\" content=\"Joillakin syntym\u00e4p\u00e4ivill\u00e4 on merkitys, joka ulottuu paljon kynttil\u00f6it\u00e4, lahjoja ja perhevalokuvia pidemm\u00e4lle. Charlotte Garsidelle ja h\u00e4nen perheelleen 16-vuotissyntym\u00e4p\u00e4iv\u00e4 merkitsi j\u00e4lleen yht\u00e4 t\u00e4rke\u00e4\u00e4 virstanpylv\u00e4st\u00e4\" \/>\n<meta property=\"og:url\" content=\"https:\/\/it.arminfonews.ru\/?p=7088\" \/>\n<meta property=\"article:published_time\" content=\"2026-09-06T05:40:37+00:00\" \/>\n<meta property=\"article:modified_time\" content=\"2026-09-06T05:40:38+00:00\" \/>\n<meta property=\"og:image\" content=\"http:\/\/it.arminfonews.ru\/wp-content\/uploads\/2026\/09\/335-1024x538.png\" \/>\n\t<meta property=\"og:image:width\" content=\"1024\" \/>\n\t<meta property=\"og:image:height\" content=\"538\" \/>\n\t<meta property=\"og:image:type\" content=\"image\/png\" \/>\n<meta name=\"author\" content=\"admin\" \/>\n<meta name=\"twitter:card\" content=\"summary_large_image\" \/>\n<meta name=\"twitter:label1\" content=\"\u041d\u0430\u043f\u0438\u0441\u0430\u043d\u043e \u0430\u0432\u0442\u043e\u0440\u043e\u043c\" \/>\n\t<meta name=\"twitter:data1\" content=\"admin\" \/>\n\t<meta name=\"twitter:label2\" content=\"\u041f\u0440\u0438\u043c\u0435\u0440\u043d\u043e\u0435 \u0432\u0440\u0435\u043c\u044f \u0434\u043b\u044f \u0447\u0442\u0435\u043d\u0438\u044f\" \/>\n\t<meta name=\"twitter:data2\" content=\"7 \u043c\u0438\u043d\u0443\u0442\" \/>\n<script type=\"application\/ld+json\" class=\"yoast-schema-graph\">{\"@context\":\"https:\\\/\\\/schema.org\",\"@graph\":[{\"@type\":\"Article\",\"@id\":\"https:\\\/\\\/it.arminfonews.ru\\\/?p=7088#article\",\"isPartOf\":{\"@id\":\"https:\\\/\\\/it.arminfonews.ru\\\/?p=7088\"},\"author\":{\"name\":\"admin\",\"@id\":\"http:\\\/\\\/it.arminfonews.ru\\\/#\\\/schema\\\/person\\\/1f48abff21edb63bb65f2e87b4e81819\"},\"headline\":\"Charlotte Garside: Poikkeuksellinen matka teini-ik\u00e4\u00e4n\",\"datePublished\":\"2026-09-06T05:40:37+00:00\",\"dateModified\":\"2026-09-06T05:40:38+00:00\",\"mainEntityOfPage\":{\"@id\":\"https:\\\/\\\/it.arminfonews.ru\\\/?p=7088\"},\"wordCount\":1460,\"commentCount\":0,\"image\":{\"@id\":\"https:\\\/\\\/it.arminfonews.ru\\\/?p=7088#primaryimage\"},\"thumbnailUrl\":\"http:\\\/\\\/it.arminfonews.ru\\\/wp-content\\\/uploads\\\/2026\\\/09\\\/335.png\",\"articleSection\":[\"NEWS\"],\"inLanguage\":\"ru-RU\",\"potentialAction\":[{\"@type\":\"CommentAction\",\"name\":\"Comment\",\"target\":[\"https:\\\/\\\/it.arminfonews.ru\\\/?p=7088#respond\"]}]},{\"@type\":\"WebPage\",\"@id\":\"https:\\\/\\\/it.arminfonews.ru\\\/?p=7088\",\"url\":\"https:\\\/\\\/it.arminfonews.ru\\\/?p=7088\",\"name\":\"Charlotte Garside: Poikkeuksellinen matka teini-ik\u00e4\u00e4n -\",\"isPartOf\":{\"@id\":\"http:\\\/\\\/it.arminfonews.ru\\\/#website\"},\"primaryImageOfPage\":{\"@id\":\"https:\\\/\\\/it.arminfonews.ru\\\/?p=7088#primaryimage\"},\"image\":{\"@id\":\"https:\\\/\\\/it.arminfonews.ru\\\/?p=7088#primaryimage\"},\"thumbnailUrl\":\"http:\\\/\\\/it.arminfonews.ru\\\/wp-content\\\/uploads\\\/2026\\\/09\\\/335.png\",\"datePublished\":\"2026-09-06T05:40:37+00:00\",\"dateModified\":\"2026-09-06T05:40:38+00:00\",\"author\":{\"@id\":\"http:\\\/\\\/it.arminfonews.ru\\\/#\\\/schema\\\/person\\\/1f48abff21edb63bb65f2e87b4e81819\"},\"breadcrumb\":{\"@id\":\"https:\\\/\\\/it.arminfonews.ru\\\/?p=7088#breadcrumb\"},\"inLanguage\":\"ru-RU\",\"potentialAction\":[{\"@type\":\"ReadAction\",\"target\":[\"https:\\\/\\\/it.arminfonews.ru\\\/?p=7088\"]}]},{\"@type\":\"ImageObject\",\"inLanguage\":\"ru-RU\",\"@id\":\"https:\\\/\\\/it.arminfonews.ru\\\/?p=7088#primaryimage\",\"url\":\"http:\\\/\\\/it.arminfonews.ru\\\/wp-content\\\/uploads\\\/2026\\\/09\\\/335.png\",\"contentUrl\":\"http:\\\/\\\/it.arminfonews.ru\\\/wp-content\\\/uploads\\\/2026\\\/09\\\/335.png\",\"width\":1731,\"height\":909},{\"@type\":\"BreadcrumbList\",\"@id\":\"https:\\\/\\\/it.arminfonews.ru\\\/?p=7088#breadcrumb\",\"itemListElement\":[{\"@type\":\"ListItem\",\"position\":1,\"name\":\"\u0413\u043b\u0430\u0432\u043d\u0430\u044f \u0441\u0442\u0440\u0430\u043d\u0438\u0446\u0430\",\"item\":\"http:\\\/\\\/it.arminfonews.ru\\\/\"},{\"@type\":\"ListItem\",\"position\":2,\"name\":\"Charlotte Garside: Poikkeuksellinen matka teini-ik\u00e4\u00e4n\"}]},{\"@type\":\"WebSite\",\"@id\":\"http:\\\/\\\/it.arminfonews.ru\\\/#website\",\"url\":\"http:\\\/\\\/it.arminfonews.ru\\\/\",\"name\":\"\",\"description\":\"\",\"potentialAction\":[{\"@type\":\"SearchAction\",\"target\":{\"@type\":\"EntryPoint\",\"urlTemplate\":\"http:\\\/\\\/it.arminfonews.ru\\\/?s={search_term_string}\"},\"query-input\":{\"@type\":\"PropertyValueSpecification\",\"valueRequired\":true,\"valueName\":\"search_term_string\"}}],\"inLanguage\":\"ru-RU\"},{\"@type\":\"Person\",\"@id\":\"http:\\\/\\\/it.arminfonews.ru\\\/#\\\/schema\\\/person\\\/1f48abff21edb63bb65f2e87b4e81819\",\"name\":\"admin\",\"image\":{\"@type\":\"ImageObject\",\"inLanguage\":\"ru-RU\",\"@id\":\"https:\\\/\\\/secure.gravatar.com\\\/avatar\\\/0ed435f9e4056e0930898ce78c89fa82fe18d3c798c761c71f1f33be878b3b0b?s=96&d=mm&r=g\",\"url\":\"https:\\\/\\\/secure.gravatar.com\\\/avatar\\\/0ed435f9e4056e0930898ce78c89fa82fe18d3c798c761c71f1f33be878b3b0b?s=96&d=mm&r=g\",\"contentUrl\":\"https:\\\/\\\/secure.gravatar.com\\\/avatar\\\/0ed435f9e4056e0930898ce78c89fa82fe18d3c798c761c71f1f33be878b3b0b?s=96&d=mm&r=g\",\"caption\":\"admin\"},\"sameAs\":[\"http:\\\/\\\/it.arminfonews.ru\"],\"url\":\"http:\\\/\\\/it.arminfonews.ru\\\/?author=1\"}]}<\/script>\n<!-- \/ Yoast SEO plugin. -->","yoast_head_json":{"title":"Charlotte Garside: Poikkeuksellinen matka teini-ik\u00e4\u00e4n -","robots":{"index":"index","follow":"follow","max-snippet":"max-snippet:-1","max-image-preview":"max-image-preview:large","max-video-preview":"max-video-preview:-1"},"canonical":"https:\/\/it.arminfonews.ru\/?p=7088","og_locale":"ru_RU","og_type":"article","og_title":"Charlotte Garside: Poikkeuksellinen matka teini-ik\u00e4\u00e4n -","og_description":"Joillakin syntym\u00e4p\u00e4ivill\u00e4 on merkitys, joka ulottuu paljon kynttil\u00f6it\u00e4, lahjoja ja perhevalokuvia pidemm\u00e4lle. Charlotte Garsidelle ja h\u00e4nen perheelleen 16-vuotissyntym\u00e4p\u00e4iv\u00e4 merkitsi j\u00e4lleen yht\u00e4 t\u00e4rke\u00e4\u00e4 virstanpylv\u00e4st\u00e4","og_url":"https:\/\/it.arminfonews.ru\/?p=7088","article_published_time":"2026-09-06T05:40:37+00:00","article_modified_time":"2026-09-06T05:40:38+00:00","og_image":[{"width":1024,"height":538,"url":"http:\/\/it.arminfonews.ru\/wp-content\/uploads\/2026\/09\/335-1024x538.png","type":"image\/png"}],"author":"admin","twitter_card":"summary_large_image","twitter_misc":{"\u041d\u0430\u043f\u0438\u0441\u0430\u043d\u043e \u0430\u0432\u0442\u043e\u0440\u043e\u043c":"admin","\u041f\u0440\u0438\u043c\u0435\u0440\u043d\u043e\u0435 \u0432\u0440\u0435\u043c\u044f \u0434\u043b\u044f \u0447\u0442\u0435\u043d\u0438\u044f":"7 \u043c\u0438\u043d\u0443\u0442"},"schema":{"@context":"https:\/\/schema.org","@graph":[{"@type":"Article","@id":"https:\/\/it.arminfonews.ru\/?p=7088#article","isPartOf":{"@id":"https:\/\/it.arminfonews.ru\/?p=7088"},"author":{"name":"admin","@id":"http:\/\/it.arminfonews.ru\/#\/schema\/person\/1f48abff21edb63bb65f2e87b4e81819"},"headline":"Charlotte Garside: Poikkeuksellinen matka teini-ik\u00e4\u00e4n","datePublished":"2026-09-06T05:40:37+00:00","dateModified":"2026-09-06T05:40:38+00:00","mainEntityOfPage":{"@id":"https:\/\/it.arminfonews.ru\/?p=7088"},"wordCount":1460,"commentCount":0,"image":{"@id":"https:\/\/it.arminfonews.ru\/?p=7088#primaryimage"},"thumbnailUrl":"http:\/\/it.arminfonews.ru\/wp-content\/uploads\/2026\/09\/335.png","articleSection":["NEWS"],"inLanguage":"ru-RU","potentialAction":[{"@type":"CommentAction","name":"Comment","target":["https:\/\/it.arminfonews.ru\/?p=7088#respond"]}]},{"@type":"WebPage","@id":"https:\/\/it.arminfonews.ru\/?p=7088","url":"https:\/\/it.arminfonews.ru\/?p=7088","name":"Charlotte Garside: Poikkeuksellinen matka teini-ik\u00e4\u00e4n -","isPartOf":{"@id":"http:\/\/it.arminfonews.ru\/#website"},"primaryImageOfPage":{"@id":"https:\/\/it.arminfonews.ru\/?p=7088#primaryimage"},"image":{"@id":"https:\/\/it.arminfonews.ru\/?p=7088#primaryimage"},"thumbnailUrl":"http:\/\/it.arminfonews.ru\/wp-content\/uploads\/2026\/09\/335.png","datePublished":"2026-09-06T05:40:37+00:00","dateModified":"2026-09-06T05:40:38+00:00","author":{"@id":"http:\/\/it.arminfonews.ru\/#\/schema\/person\/1f48abff21edb63bb65f2e87b4e81819"},"breadcrumb":{"@id":"https:\/\/it.arminfonews.ru\/?p=7088#breadcrumb"},"inLanguage":"ru-RU","potentialAction":[{"@type":"ReadAction","target":["https:\/\/it.arminfonews.ru\/?p=7088"]}]},{"@type":"ImageObject","inLanguage":"ru-RU","@id":"https:\/\/it.arminfonews.ru\/?p=7088#primaryimage","url":"http:\/\/it.arminfonews.ru\/wp-content\/uploads\/2026\/09\/335.png","contentUrl":"http:\/\/it.arminfonews.ru\/wp-content\/uploads\/2026\/09\/335.png","width":1731,"height":909},{"@type":"BreadcrumbList","@id":"https:\/\/it.arminfonews.ru\/?p=7088#breadcrumb","itemListElement":[{"@type":"ListItem","position":1,"name":"\u0413\u043b\u0430\u0432\u043d\u0430\u044f \u0441\u0442\u0440\u0430\u043d\u0438\u0446\u0430","item":"http:\/\/it.arminfonews.ru\/"},{"@type":"ListItem","position":2,"name":"Charlotte Garside: Poikkeuksellinen matka teini-ik\u00e4\u00e4n"}]},{"@type":"WebSite","@id":"http:\/\/it.arminfonews.ru\/#website","url":"http:\/\/it.arminfonews.ru\/","name":"","description":"","potentialAction":[{"@type":"SearchAction","target":{"@type":"EntryPoint","urlTemplate":"http:\/\/it.arminfonews.ru\/?s={search_term_string}"},"query-input":{"@type":"PropertyValueSpecification","valueRequired":true,"valueName":"search_term_string"}}],"inLanguage":"ru-RU"},{"@type":"Person","@id":"http:\/\/it.arminfonews.ru\/#\/schema\/person\/1f48abff21edb63bb65f2e87b4e81819","name":"admin","image":{"@type":"ImageObject","inLanguage":"ru-RU","@id":"https:\/\/secure.gravatar.com\/avatar\/0ed435f9e4056e0930898ce78c89fa82fe18d3c798c761c71f1f33be878b3b0b?s=96&d=mm&r=g","url":"https:\/\/secure.gravatar.com\/avatar\/0ed435f9e4056e0930898ce78c89fa82fe18d3c798c761c71f1f33be878b3b0b?s=96&d=mm&r=g","contentUrl":"https:\/\/secure.gravatar.com\/avatar\/0ed435f9e4056e0930898ce78c89fa82fe18d3c798c761c71f1f33be878b3b0b?s=96&d=mm&r=g","caption":"admin"},"sameAs":["http:\/\/it.arminfonews.ru"],"url":"http:\/\/it.arminfonews.ru\/?author=1"}]}},"_links":{"self":[{"href":"http:\/\/it.arminfonews.ru\/index.php?rest_route=\/wp\/v2\/posts\/7088","targetHints":{"allow":["GET"]}}],"collection":[{"href":"http:\/\/it.arminfonews.ru\/index.php?rest_route=\/wp\/v2\/posts"}],"about":[{"href":"http:\/\/it.arminfonews.ru\/index.php?rest_route=\/wp\/v2\/types\/post"}],"author":[{"embeddable":true,"href":"http:\/\/it.arminfonews.ru\/index.php?rest_route=\/wp\/v2\/users\/1"}],"replies":[{"embeddable":true,"href":"http:\/\/it.arminfonews.ru\/index.php?rest_route=%2Fwp%2Fv2%2Fcomments&post=7088"}],"version-history":[{"count":1,"href":"http:\/\/it.arminfonews.ru\/index.php?rest_route=\/wp\/v2\/posts\/7088\/revisions"}],"predecessor-version":[{"id":7090,"href":"http:\/\/it.arminfonews.ru\/index.php?rest_route=\/wp\/v2\/posts\/7088\/revisions\/7090"}],"wp:featuredmedia":[{"embeddable":true,"href":"http:\/\/it.arminfonews.ru\/index.php?rest_route=\/wp\/v2\/media\/7089"}],"wp:attachment":[{"href":"http:\/\/it.arminfonews.ru\/index.php?rest_route=%2Fwp%2Fv2%2Fmedia&parent=7088"}],"wp:term":[{"taxonomy":"category","embeddable":true,"href":"http:\/\/it.arminfonews.ru\/index.php?rest_route=%2Fwp%2Fv2%2Fcategories&post=7088"},{"taxonomy":"post_tag","embeddable":true,"href":"http:\/\/it.arminfonews.ru\/index.php?rest_route=%2Fwp%2Fv2%2Ftags&post=7088"}],"curies":[{"name":"wp","href":"https:\/\/api.w.org\/{rel}","templated":true}]}}