{"id":7085,"date":"2026-09-05T13:34:08","date_gmt":"2026-09-05T12:34:08","guid":{"rendered":"https:\/\/it.arminfonews.ru\/?p=7085"},"modified":"2026-09-05T13:34:09","modified_gmt":"2026-09-05T12:34:09","slug":"75-vuotiaana-han-kieltaytyy-pukeutumasta-muiden-odotusten-mukaan","status":"publish","type":"post","link":"http:\/\/it.arminfonews.ru\/?p=7085","title":{"rendered":"75-vuotiaana h\u00e4n kielt\u00e4ytyy pukeutumasta muiden odotusten mukaan"},"content":{"rendered":"\n<p class=\"wp-block-paragraph\">On olemassa kirjoittamaton s\u00e4\u00e4nt\u00f6, jonka monet naiset alkavat kohdata ik\u00e4\u00e4ntyess\u00e4\u00e4n: heid\u00e4n odotetaan muuttuvan v\u00e4hemm\u00e4n n\u00e4kyviksi. K\u00e4ytt\u00e4m\u00e4\u00e4n hillitympi\u00e4 v\u00e4rej\u00e4. Valitsemaan turvallisempia vaatteita. V\u00e4ltt\u00e4m\u00e4\u00e4n kaikkea, mit\u00e4 pidet\u00e4\u00e4n liian lyhyen\u00e4, liian vartalonmy\u00f6t\u00e4isen\u00e4, liian kirkkaana tai liian muodikkaana. T\u00e4t\u00e4 s\u00e4\u00e4nt\u00f6\u00e4 ei ole kirjoitettu mihink\u00e4\u00e4n, mutta se voi tulla vastaan l\u00e4hes kaikkialla \u2013 sukulaisten satunnaisista huomautuksista t\u00e4ysin tuntemattomien ihmisten kommentteihin.<\/p>\n\n\n\n<p class=\"wp-block-paragraph\">Er\u00e4s 75-vuotias nainen on joutunut juuri t\u00e4llaisen arvostelun kohteeksi. H\u00e4nen pukeutumisvalintojaan ovat arvostelleet ihmiset, joiden mielest\u00e4 tietyt tyylit eiv\u00e4t en\u00e4\u00e4 ole h\u00e4nen i\u00e4ss\u00e4\u00e4n \u201dsopivia\u201d.<\/p>\n\n\n\n<figure class=\"wp-block-gallery has-nested-images columns-default is-cropped wp-block-gallery-1 is-layout-flex wp-block-gallery-is-layout-flex\">\n<figure class=\"wp-block-image size-large\"><img loading=\"lazy\" decoding=\"async\" width=\"1024\" height=\"538\" data-id=\"7086\" src=\"https:\/\/it.arminfonews.ru\/wp-content\/uploads\/2026\/09\/526-1024x538.png\" alt=\"\" class=\"wp-image-7086\" srcset=\"http:\/\/it.arminfonews.ru\/wp-content\/uploads\/2026\/09\/526-1024x538.png 1024w, http:\/\/it.arminfonews.ru\/wp-content\/uploads\/2026\/09\/526-300x158.png 300w, http:\/\/it.arminfonews.ru\/wp-content\/uploads\/2026\/09\/526-767x403.png 767w, http:\/\/it.arminfonews.ru\/wp-content\/uploads\/2026\/09\/526-1536x807.png 1536w, http:\/\/it.arminfonews.ru\/wp-content\/uploads\/2026\/09\/526.png 1731w\" sizes=\"auto, (max-width: 1024px) 100vw, 1024px\" \/><\/figure>\n<\/figure>\n\n\n\n<p class=\"wp-block-paragraph\">H\u00e4nen oma kantansa on kuitenkin yksinkertainen: \u201dMinulla on oikeus p\u00e4\u00e4tt\u00e4\u00e4 itse, miten haluan pukeutua.\u201d<\/p>\n\n\n\n<p class=\"wp-block-paragraph\">T\u00e4m\u00e4n lyhyen vastauksen takana on paljon suurempi kysymys. Miksi tietyn syntym\u00e4p\u00e4iv\u00e4n saavuttamisen pit\u00e4isi yht\u00e4kki\u00e4 antaa muille oikeus p\u00e4\u00e4tt\u00e4\u00e4 aikuisen ihmisen vaatekaapista?<\/p>\n\n\n\n<h3 class=\"wp-block-heading\">Kun pukeutumisesta tulee ik\u00e4kysymys<\/h3>\n\n\n\n<p class=\"wp-block-paragraph\">Muoti on aina merkinnyt muutakin kuin k\u00e4yt\u00e4nn\u00f6llisyytt\u00e4. Vaatteet voivat kertoa persoonallisuudesta, kulttuurista, ammatista, mielialasta ja henkil\u00f6kohtaisesta mausta. Silti ik\u00e4 vaikuttaa usein siihen, miten t\u00e4ysin samanlaista asua tulkitaan.<\/p>\n\n\n\n<p class=\"wp-block-paragraph\">Nuoremman naisen v\u00e4rik\u00e4st\u00e4 tai muodikasta asua saatetaan kuvailla itsevarmaksi ja tyylikk\u00e4\u00e4ksi. Kun vanhempi nainen pukeutuu samalla tavalla, keskustelu voi yht\u00e4kki\u00e4 muuttua pohdinnaksi siit\u00e4, yritt\u00e4\u00e4k\u00f6 h\u00e4n liikaa n\u00e4ytt\u00e4\u00e4 nuorelta tai pukeutuuko h\u00e4n \u201dik\u00e4ns\u00e4 mukaisesti\u201d.<\/p>\n\n\n\n<p class=\"wp-block-paragraph\">T\u00e4m\u00e4 ero paljastaa jotain olennaista: arvostelu ei useinkaan oikeastaan koske vaatteita.<\/p>\n\n\n\n<p class=\"wp-block-paragraph\">Se koskee odotuksia.<\/p>\n\n\n\n<p class=\"wp-block-paragraph\">Yhteiskunnassa on pitk\u00e4\u00e4n el\u00e4nyt k\u00e4sityksi\u00e4 siit\u00e4, milt\u00e4 my\u00f6hemm\u00e4n el\u00e4m\u00e4nvaiheen pit\u00e4isi n\u00e4ytt\u00e4\u00e4. Vanhemmilta ihmisilt\u00e4 saatetaan odottaa rauhallisempaa ja konservatiivisempaa k\u00e4ytt\u00e4ytymist\u00e4 sek\u00e4 ulkon\u00e4k\u00f6\u00e4. Erityisesti naisiin on historiallisesti kohdistunut paine muuttua ik\u00e4\u00e4ntyess\u00e4\u00e4n v\u00e4hemm\u00e4n n\u00e4kyviksi.<\/p>\n\n\n\n<p class=\"wp-block-paragraph\">Mutta ihmisen persoonallisuus ei katoa el\u00e4kkeelle j\u00e4\u00e4misen my\u00f6t\u00e4.<\/p>\n\n\n\n<p class=\"wp-block-paragraph\">Jos joku rakasti muotia 30-vuotiaana, h\u00e4n voi rakastaa sit\u00e4 edelleen 75-vuotiaana. Koko aikuisik\u00e4ns\u00e4 kirkkaita v\u00e4rej\u00e4 k\u00e4ytt\u00e4nyt ihminen ei automaattisesti ala suosia beige\u00e4 vain siksi, ett\u00e4 vuosikymmeni\u00e4 on kulunut. Tyyli voi muuttua i\u00e4n my\u00f6t\u00e4, mutta muuttuminen ei tarkoita luopumista omasta persoonallisuudesta.<\/p>\n\n\n\n<h3 class=\"wp-block-heading\">Kuka p\u00e4\u00e4tt\u00e4\u00e4, mik\u00e4 on \u201dik\u00e4\u00e4n sopivaa\u201d?<\/h3>\n\n\n\n<p class=\"wp-block-paragraph\">Ilmaus \u201dpukeudu ik\u00e4si mukaisesti\u201d kuulostaa yksinkertaiselta, kunnes yrit\u00e4mme m\u00e4\u00e4ritell\u00e4, mit\u00e4 sill\u00e4 oikeastaan tarkoitetaan.<\/p>\n\n\n\n<p class=\"wp-block-paragraph\">Miten 75-vuotiaan naisen pit\u00e4isi pukeutua?<\/p>\n\n\n\n<p class=\"wp-block-paragraph\">Yht\u00e4 yleisp\u00e4tev\u00e4\u00e4 vastausta ei ole. Pukeutumista koskevat odotukset vaihtelevat suuresti kulttuurien, yhteis\u00f6jen, sukupolvien ja yksil\u00f6iden v\u00e4lill\u00e4. Asu, jota yhdess\u00e4 paikassa pidet\u00e4\u00e4n ep\u00e4tavallisena, voi toisessa ymp\u00e4rist\u00f6ss\u00e4 olla t\u00e4ysin tavallinen.<\/p>\n\n\n\n<p class=\"wp-block-paragraph\">Jopa saman perheen sis\u00e4ll\u00e4 n\u00e4kemykset voivat poiketa toisistaan huomattavasti.<\/p>\n\n\n\n<p class=\"wp-block-paragraph\">Siksi \u201dik\u00e4\u00e4n sopiva\u201d on hyvin joustava k\u00e4site. Joskus sill\u00e4 voidaan tarkoittaa k\u00e4yt\u00e4nn\u00f6llisi\u00e4 asioita, kuten mukavuutta tai tietyn tilaisuuden pukeutumiskoodia. Toisinaan siit\u00e4 kuitenkin tulee kohteliaalta kuulostava tapa kertoa toiselle ihmiselle, ett\u00e4 h\u00e4nen tapansa ilmaista itse\u00e4\u00e4n tekee muut ep\u00e4mukaviksi.<\/p>\n\n\n\n<p class=\"wp-block-paragraph\">On t\u00e4rke\u00e4\u00e4 erottaa toisistaan tilanteeseen sopiva pukeutuminen ja ajatus siit\u00e4, ett\u00e4 aikuinen ihminen menett\u00e4isi ik\u00e4ns\u00e4 vuoksi oikeuden tehd\u00e4 omia valintojaan.<\/p>\n\n\n\n<p class=\"wp-block-paragraph\">H\u00e4iss\u00e4 voi olla pukeutumiskoodi. Ty\u00f6paikka voi edellytt\u00e4\u00e4 tietynlaista vaatetusta. S\u00e4\u00e4 ja turvallisuus voivat asettaa k\u00e4yt\u00e4nn\u00f6n rajoituksia. Pelkk\u00e4 ik\u00e4 ei kuitenkaan luo kaikille yhteist\u00e4 univormua.<\/p>\n\n\n\n<h3 class=\"wp-block-heading\">Itsevarmuudella ei ole viimeist\u00e4 k\u00e4ytt\u00f6p\u00e4iv\u00e4\u00e4<\/h3>\n\n\n\n<p class=\"wp-block-paragraph\">Naisen vastaus arvosteluun puhuttelee, koska siin\u00e4 korostuu henkil\u00f6kohtainen vapaus ilman vaatimusta siit\u00e4, ett\u00e4 kaikkien pit\u00e4isi pit\u00e4\u00e4 h\u00e4nen tyylist\u00e4\u00e4n.<\/p>\n\n\n\n<p class=\"wp-block-paragraph\">T\u00e4m\u00e4 ero on t\u00e4rke\u00e4.<\/p>\n\n\n\n<p class=\"wp-block-paragraph\">Itseilmaisun vapaus ei tarkoita sit\u00e4, ett\u00e4 jokaisen t\u00e4ytyy pit\u00e4\u00e4 jokaisesta asusta. Ihmisill\u00e4 on luonnollisesti erilainen maku. Joku voi olla pit\u00e4m\u00e4tt\u00e4 toisen mekosta, kampauksesta tai kengist\u00e4. Henkil\u00f6kohtainen mielipide on kuitenkin eri asia kuin ajatus siit\u00e4, ett\u00e4 toisen pit\u00e4isi muuttua vain miellytt\u00e4\u00e4kseen muita.<\/p>\n\n\n\n<p class=\"wp-block-paragraph\">75-vuotiaana ihmisell\u00e4 on takanaan vuosikymmeni\u00e4 kokemusta oman el\u00e4m\u00e4ns\u00e4 p\u00e4\u00e4t\u00f6sten tekemisest\u00e4. Olisi erikoista ajatella, ett\u00e4 kaikkien n\u00e4iden vuosien j\u00e4lkeen h\u00e4n tarvitsisi yht\u00e4kki\u00e4 tuntemattomia ihmisi\u00e4 p\u00e4\u00e4tt\u00e4m\u00e4\u00e4n, ovatko h\u00e4nen mekkonsa, hameensa tai takkinsa hyv\u00e4ksytt\u00e4vi\u00e4.<\/p>\n\n\n\n<p class=\"wp-block-paragraph\">Monille ihmisille pukeutuminen on my\u00f6s t\u00e4rke\u00e4 osa itsevarmuutta.<\/p>\n\n\n\n<p class=\"wp-block-paragraph\">Vaatteiden valitseminen voi olla luovaa. Sopivan asun l\u00f6yt\u00e4minen voi tehd\u00e4 tavallisesta aamusta hieman erilaisen. Lempimekkoon voi liitty\u00e4 muistoja, kun taas uusi rohkea vaate voi kuvastaa uteliaisuutta ja halua kokeilla el\u00e4m\u00e4ss\u00e4 edelleen uusia asioita.<\/p>\n\n\n\n<p class=\"wp-block-paragraph\">Mik\u00e4\u00e4n n\u00e4ist\u00e4 kokemuksista ei kuulu yksinomaan nuorille.<\/p>\n\n\n\n<h3 class=\"wp-block-heading\">Ik\u00e4\u00e4ntymiseen liittyv\u00e4 kaksoisstandardi<\/h3>\n\n\n\n<p class=\"wp-block-paragraph\">Keskustelu vanhemmista naisista ja heid\u00e4n pukeutumisestaan nostaa esiin my\u00f6s laajemman kaksoisstandardin.<\/p>\n\n\n\n<p class=\"wp-block-paragraph\">My\u00f6s miehet kohtaavat ik\u00e4\u00e4n liittyvi\u00e4 odotuksia, mutta naisten ulkon\u00e4k\u00f6\u00e4 on perinteisesti tarkasteltu erityisen kriittisesti. Heille voidaan sanoa, ett\u00e4 heid\u00e4n pit\u00e4isi n\u00e4ytt\u00e4\u00e4 nuorekkailta, mutta samaan aikaan heit\u00e4 voidaan arvostella siit\u00e4, jos heid\u00e4n katsotaan yritt\u00e4v\u00e4n n\u00e4ytt\u00e4\u00e4 liian nuorilta.<\/p>\n\n\n\n<p class=\"wp-block-paragraph\">Ristiriidasta on vaikea p\u00e4\u00e4st\u00e4 eroon.<\/p>\n\n\n\n<p class=\"wp-block-paragraph\">Jos nainen antaa ik\u00e4\u00e4ntymisen merkkien n\u00e4ky\u00e4 luonnollisesti, joku voi ehdottaa, ett\u00e4 h\u00e4nen pit\u00e4isi tehd\u00e4 enemm\u00e4n n\u00e4ytt\u00e4\u00e4kseen nuoremmalta. Jos h\u00e4n taas pukeutuu muodikkaasti, toinen ihminen voi syytt\u00e4\u00e4 h\u00e4nt\u00e4 siit\u00e4, ettei h\u00e4n hyv\u00e4ksy ik\u00e4\u00e4ns\u00e4.<\/p>\n\n\n\n<p class=\"wp-block-paragraph\">Toisin sanoen n\u00e4it\u00e4 vaatimuksia voi olla mahdotonta t\u00e4ytt\u00e4\u00e4, koska ne ovat jo l\u00e4ht\u00f6kohtaisesti ristiriitaisia.<\/p>\n\n\n\n<p class=\"wp-block-paragraph\">Terveempi l\u00e4hestymistapa voisi olla se, ett\u00e4 lakkaamme k\u00e4ytt\u00e4m\u00e4st\u00e4 nuoruutta mittapuuna, johon kaikkia muita aikuisuuden vaiheita verrataan.<\/p>\n\n\n\n<p class=\"wp-block-paragraph\">75-vuotiaana oleminen ei tarkoita ep\u00e4onnistunutta yrityst\u00e4 olla j\u00e4lleen 35-vuotias. Se on oma el\u00e4m\u00e4nvaiheensa, johon kuuluu omia kokemuksia, vapauksia ja mahdollisuuksia.<\/p>\n\n\n\n<h3 class=\"wp-block-heading\">Muoti voi muuttua yhdess\u00e4 meid\u00e4n kanssamme<\/h3>\n\n\n\n<p class=\"wp-block-paragraph\">Ik\u00e4\u00e4n perustuvien rajoitusten kyseenalaistaminen ei tarkoita sit\u00e4, ett\u00e4 pit\u00e4isi teeskennell\u00e4 ihmisten pysyv\u00e4n aina samanlaisina.<\/p>\n\n\n\n<p class=\"wp-block-paragraph\">Keho muuttuu. Prioriteetit muuttuvat. Mukavuudesta voi tulla t\u00e4rke\u00e4mp\u00e4\u00e4. Tietyt materiaalit, keng\u00e4t tai leikkaukset eiv\u00e4t ehk\u00e4 en\u00e4\u00e4 tunnu yht\u00e4 miellytt\u00e4vilt\u00e4. Monet muuttavat vaatekaappiaan luonnollisesti ik\u00e4\u00e4ntyess\u00e4\u00e4n.<\/p>\n\n\n\n<p class=\"wp-block-paragraph\">On kuitenkin suuri ero siin\u00e4, muuttaako ihminen tyyli\u00e4\u00e4n omasta halustaan vai siksi, ett\u00e4 muut ovat saaneet h\u00e4net h\u00e4pe\u00e4m\u00e4\u00e4n valintojaan.<\/p>\n\n\n\n<p class=\"wp-block-paragraph\">Henkil\u00f6kohtainen tyyli voi mukautua ilman, ett\u00e4 sen t\u00e4ytyy kadota.<\/p>\n\n\n\n<p class=\"wp-block-paragraph\">Vanhempi ihminen voi yhdist\u00e4\u00e4 mukavia vaatteita n\u00e4ytt\u00e4viin asusteisiin. Toinen voi jatkaa samanlaisten mekkojen k\u00e4ytt\u00e4mist\u00e4 kuin vuosikymmeni\u00e4 aikaisemmin. Joku kolmas voi uudistaa koko tyylins\u00e4 el\u00e4kkeelle j\u00e4\u00e4ty\u00e4\u00e4n, koska h\u00e4nen ei en\u00e4\u00e4 tarvitse noudattaa ty\u00f6paikan pukeutumiseen liittyvi\u00e4 odotuksia.<\/p>\n\n\n\n<p class=\"wp-block-paragraph\">Ei ole olemassa vain yht\u00e4 oikeaa tapaa vanheta.<\/p>\n\n\n\n<p class=\"wp-block-paragraph\">Juuri siksi tarinat ik\u00e4\u00e4ntyneist\u00e4 ihmisist\u00e4, jotka rikkovat muotiin liittyvi\u00e4 stereotypioita, her\u00e4tt\u00e4v\u00e4t usein paljon huomiota. Ne haastavat k\u00e4sityksen ik\u00e4\u00e4ntymisest\u00e4, jonka monet ovat omaksuneet koskaan kunnolla kyseenalaistamatta sit\u00e4.<\/p>\n\n\n\n<h3 class=\"wp-block-heading\">Vanhemmat ihmiset n\u00e4kyv\u00e4t yh\u00e4 enemm\u00e4n<\/h3>\n\n\n\n<p class=\"wp-block-paragraph\">Keskustelu on entist\u00e4 ajankohtaisempi my\u00f6s siksi, ett\u00e4 ihmiset el\u00e4v\u00e4t pidemp\u00e4\u00e4n ja vanhemmat sukupolvet pysyv\u00e4t aktiivisina yhteiskunnassa.<\/p>\n\n\n\n<p class=\"wp-block-paragraph\">Ik\u00e4\u00e4ntyneet ihmiset matkustavat, liikkuvat, ty\u00f6skentelev\u00e4t, perustavat yrityksi\u00e4, k\u00e4ytt\u00e4v\u00e4t sosiaalista mediaa, rakentavat ihmissuhteita, l\u00f6yt\u00e4v\u00e4t uusia harrastuksia ja seuraavat kulttuurin muutoksia. Muoti on luonnollisesti osa t\u00e4t\u00e4 kokonaisuutta.<\/p>\n\n\n\n<p class=\"wp-block-paragraph\">Sosiaalinen media on tehnyt my\u00f6s vanhemmista sis\u00e4ll\u00f6ntuottajista n\u00e4kyv\u00e4mpi\u00e4. Sen sijaan, ett\u00e4 muotia n\u00e4ht\u00e4isiin l\u00e4hes yksinomaan nuorten mallien ja julkisuuden henkil\u00f6iden kautta, yleis\u00f6 voi nyky\u00e4\u00e4n seurata yh\u00e4 useammin 60-, 70- ja sit\u00e4kin vanhempia ihmisi\u00e4, jotka esittelev\u00e4t tyyli\u00e4\u00e4n omilla ehdoillaan.<\/p>\n\n\n\n<p class=\"wp-block-paragraph\">T\u00e4llainen n\u00e4kyvyys voi haastaa vanhoja oletuksia.<\/p>\n\n\n\n<p class=\"wp-block-paragraph\">Samalla se muistuttaa nuorempia yhdest\u00e4 helposti unohtuvasta asiasta: ik\u00e4\u00e4ntyminen ei ole jotain, joka tapahtuu vain muille. Pitk\u00e4n el\u00e4m\u00e4n saavuttaville se on heid\u00e4n oma tulevaisuutensa.<\/p>\n\n\n\n<p class=\"wp-block-paragraph\">Ne odotukset, joita yhteiskunta asettaa vanhemmille ihmisille t\u00e4n\u00e4\u00e4n, voivat aikanaan olla samoja odotuksia, joita t\u00e4m\u00e4n p\u00e4iv\u00e4n nuoremmat sukupolvet joutuvat kohtaamaan.<\/p>\n\n\n\n<h3 class=\"wp-block-heading\">Kunnioitus ei vaadi samaa mielipidett\u00e4<\/h3>\n\n\n\n<p class=\"wp-block-paragraph\">On my\u00f6s hyv\u00e4 tunnustaa keskustelun toinen puoli. Eri sukupolvilla voi aidosti olla hyvin erilaisia n\u00e4kemyksi\u00e4 pukeutumisesta. Konservatiivisemmassa ymp\u00e4rist\u00f6ss\u00e4 kasvanut ihminen saattaa vilpitt\u00f6m\u00e4sti yll\u00e4tty\u00e4 tietynlaisesta asusta.<\/p>\n\n\n\n<p class=\"wp-block-paragraph\">T\u00e4llainen reaktio ei itsess\u00e4\u00e4n v\u00e4ltt\u00e4m\u00e4tt\u00e4 ole pahantahtoinen.<\/p>\n\n\n\n<p class=\"wp-block-paragraph\">Ratkaisevaa on se, mit\u00e4 tapahtuu sen j\u00e4lkeen.<\/p>\n\n\n\n<p class=\"wp-block-paragraph\">Ihmisill\u00e4 voi olla erilaisia mielipiteit\u00e4 ilman, ett\u00e4 omista mieltymyksist\u00e4 tehd\u00e4\u00e4n s\u00e4\u00e4nt\u00f6j\u00e4 toisten el\u00e4m\u00e4lle. Sukulainen voi suosia perinteist\u00e4 pukeutumista. Yst\u00e4v\u00e4n mielest\u00e4 jokin toinen asu voisi n\u00e4ytt\u00e4\u00e4 paremmalta. Tuntematon ihminen internetiss\u00e4 voi olla pit\u00e4m\u00e4tt\u00e4 koko tyylist\u00e4.<\/p>\n\n\n\n<p class=\"wp-block-paragraph\">Mik\u00e4\u00e4n n\u00e4ist\u00e4 mielipiteist\u00e4 ei kuitenkaan poista vaatteen k\u00e4ytt\u00e4j\u00e4n oikeutta p\u00e4\u00e4tt\u00e4\u00e4 itse.<\/p>\n\n\n\n<p class=\"wp-block-paragraph\">Kunnioitus ei edellyt\u00e4 samanlaista makua. Se edellytt\u00e4\u00e4 sen ymm\u00e4rt\u00e4mist\u00e4, miss\u00e4 toisen aikuisen ihmisen oikeus tehd\u00e4 omat valintansa alkaa.<\/p>\n\n\n\n<h3 class=\"wp-block-heading\">Vanheneminen ei tarkoita n\u00e4kym\u00e4tt\u00f6m\u00e4ksi muuttumista<\/h3>\n\n\n\n<p class=\"wp-block-paragraph\">Ehk\u00e4 t\u00e4m\u00e4n tarinan kiinnostavin osa ei lopulta liity mihink\u00e4\u00e4n yksitt\u00e4iseen vaatteeseen. Olennaista on kielt\u00e4ytyminen ajatuksesta, jonka mukaan ik\u00e4\u00e4ntymisen pit\u00e4isi tarkoittaa asteittaista luopumista itseilmaisusta.<\/p>\n\n\n\n<p class=\"wp-block-paragraph\">Ihmisen omat mieltymykset eiv\u00e4t katoa vain siksi, ett\u00e4 h\u00e4nen ik\u00e4ns\u00e4 ilmaiseva numero muuttuu.<\/p>\n\n\n\n<p class=\"wp-block-paragraph\">75-vuotiaanakin voi nauttia kauneudesta, huomiosta, kokeilemisesta ja yksil\u00f6llisyydest\u00e4. H\u00e4n voi olla elegantti, ep\u00e4tavallinen, n\u00e4ytt\u00e4v\u00e4, hillitty tai mit\u00e4 tahansa n\u00e4iden v\u00e4lilt\u00e4. H\u00e4n voi jatkaa tyyli\u00e4, jota on rakastanut jo 40 vuotta, tai her\u00e4t\u00e4 huomenna ja p\u00e4\u00e4tt\u00e4\u00e4 kokeilla jotain t\u00e4ysin uutta.<\/p>\n\n\n\n<p class=\"wp-block-paragraph\">Kenenk\u00e4\u00e4n ei my\u00f6sk\u00e4\u00e4n tarvitse yritt\u00e4\u00e4 n\u00e4ytt\u00e4\u00e4 nuoremmalta. Vapaasta pukeutumisesta ei pit\u00e4isi tehd\u00e4 uutta vaatimusta taistella ik\u00e4\u00e4ntymist\u00e4 vastaan. Tarkoitus ei ole sanoa, ett\u00e4 jokaisen vanhemman naisen pit\u00e4isi k\u00e4ytt\u00e4\u00e4 rohkeita vaatteita. Tarkoitus on, ett\u00e4 h\u00e4nen pit\u00e4isi saada itse p\u00e4\u00e4tt\u00e4\u00e4, haluaako h\u00e4n k\u00e4ytt\u00e4\u00e4 niit\u00e4.<\/p>\n\n\n\n<p class=\"wp-block-paragraph\">Jotkut naiset suosivat hillitty\u00e4 ja konservatiivista vaatekaappia. Toiset rakastavat n\u00e4ytt\u00e4v\u00e4\u00e4 muotia. Kun valinta on heid\u00e4n omansa, molemmat vaihtoehdot ansaitsevat saman peruskunnioituksen.<\/p>\n\n\n\n<p class=\"wp-block-paragraph\">Lopulta lause \u201dMinulla on oikeus p\u00e4\u00e4tt\u00e4\u00e4 itse, miten haluan pukeutua\u201d kertoo paljon muustakin kuin muodista. Se kertoo oikeudesta s\u00e4ilytt\u00e4\u00e4 oman identiteetin hallinta.<\/p>\n\n\n\n<p class=\"wp-block-paragraph\">Ik\u00e4\u00e4ntyminen muuttaa v\u00e4ist\u00e4m\u00e4tt\u00e4 monia asioita, mutta aikuisen ihmisen oikeudella tehd\u00e4 omia valintojaan ei ole viimeist\u00e4 k\u00e4ytt\u00f6p\u00e4iv\u00e4\u00e4.<\/p>\n\n\n\n<p class=\"wp-block-paragraph\">Ehk\u00e4 parempi kysymys ei siis olekaan, sopiiko jokin tietty asu 75-vuotiaalle naiselle.<\/p>\n\n\n\n<p class=\"wp-block-paragraph\">Paljon kiinnostavampi kysymys on, miksi kukaan kuvittelee, ett\u00e4 75 oman el\u00e4m\u00e4ns\u00e4 vuoden j\u00e4lkeen h\u00e4n tarvitsisi muiden luvan pukeutuakseen siihen.<\/p>\n\n\n\n<p class=\"wp-block-paragraph\"><\/p>\n","protected":false},"excerpt":{"rendered":"On olemassa kirjoittamaton s\u00e4\u00e4nt\u00f6, jonka monet naiset alkavat kohdata ik\u00e4\u00e4ntyess\u00e4\u00e4n: heid\u00e4n odotetaan muuttuvan v\u00e4hemm\u00e4n n\u00e4kyviksi. K\u00e4ytt\u00e4m\u00e4\u00e4n hillitympi\u00e4 v\u00e4rej\u00e4. Valitsemaan turvallisempia vaatteita. V\u00e4ltt\u00e4m\u00e4\u00e4n kaikkea, \n<a class=\"moretag\" href=\"http:\/\/it.arminfonews.ru\/?p=7085\"> [...]<\/a>","protected":false},"author":1,"featured_media":7086,"comment_status":"open","ping_status":"open","sticky":false,"template":"","format":"standard","meta":{"footnotes":""},"categories":[1],"tags":[],"class_list":["post-7085","post","type-post","status-publish","format-standard","has-post-thumbnail","hentry","category-uncategorised"],"yoast_head":"<!-- This site is optimized with the Yoast SEO plugin v28.4 - https:\/\/yoast.com\/product\/yoast-seo-wordpress\/ -->\n<title>75-vuotiaana h\u00e4n kielt\u00e4ytyy pukeutumasta muiden odotusten mukaan -<\/title>\n<meta name=\"robots\" content=\"index, follow, max-snippet:-1, max-image-preview:large, max-video-preview:-1\" \/>\n<link rel=\"canonical\" href=\"https:\/\/it.arminfonews.ru\/?p=7085\" \/>\n<meta property=\"og:locale\" content=\"ru_RU\" \/>\n<meta property=\"og:type\" content=\"article\" \/>\n<meta property=\"og:title\" content=\"75-vuotiaana h\u00e4n kielt\u00e4ytyy pukeutumasta muiden odotusten mukaan -\" \/>\n<meta property=\"og:description\" content=\"On olemassa kirjoittamaton s\u00e4\u00e4nt\u00f6, jonka monet naiset alkavat kohdata ik\u00e4\u00e4ntyess\u00e4\u00e4n: heid\u00e4n odotetaan muuttuvan v\u00e4hemm\u00e4n n\u00e4kyviksi. K\u00e4ytt\u00e4m\u00e4\u00e4n hillitympi\u00e4 v\u00e4rej\u00e4. Valitsemaan turvallisempia vaatteita. V\u00e4ltt\u00e4m\u00e4\u00e4n kaikkea,\" \/>\n<meta property=\"og:url\" content=\"https:\/\/it.arminfonews.ru\/?p=7085\" \/>\n<meta property=\"article:published_time\" content=\"2026-09-05T12:34:08+00:00\" \/>\n<meta property=\"article:modified_time\" content=\"2026-09-05T12:34:09+00:00\" \/>\n<meta property=\"og:image\" content=\"http:\/\/it.arminfonews.ru\/wp-content\/uploads\/2026\/09\/526-1024x538.png\" \/>\n\t<meta property=\"og:image:width\" content=\"1024\" \/>\n\t<meta property=\"og:image:height\" content=\"538\" \/>\n\t<meta property=\"og:image:type\" content=\"image\/png\" \/>\n<meta name=\"author\" content=\"admin\" \/>\n<meta name=\"twitter:card\" content=\"summary_large_image\" \/>\n<meta name=\"twitter:label1\" content=\"\u041d\u0430\u043f\u0438\u0441\u0430\u043d\u043e \u0430\u0432\u0442\u043e\u0440\u043e\u043c\" \/>\n\t<meta name=\"twitter:data1\" content=\"admin\" \/>\n\t<meta name=\"twitter:label2\" content=\"\u041f\u0440\u0438\u043c\u0435\u0440\u043d\u043e\u0435 \u0432\u0440\u0435\u043c\u044f \u0434\u043b\u044f \u0447\u0442\u0435\u043d\u0438\u044f\" \/>\n\t<meta name=\"twitter:data2\" content=\"8 \u043c\u0438\u043d\u0443\u0442\" \/>\n<script type=\"application\/ld+json\" class=\"yoast-schema-graph\">{\"@context\":\"https:\\\/\\\/schema.org\",\"@graph\":[{\"@type\":\"Article\",\"@id\":\"https:\\\/\\\/it.arminfonews.ru\\\/?p=7085#article\",\"isPartOf\":{\"@id\":\"https:\\\/\\\/it.arminfonews.ru\\\/?p=7085\"},\"author\":{\"name\":\"admin\",\"@id\":\"http:\\\/\\\/it.arminfonews.ru\\\/#\\\/schema\\\/person\\\/1f48abff21edb63bb65f2e87b4e81819\"},\"headline\":\"75-vuotiaana h\u00e4n kielt\u00e4ytyy pukeutumasta muiden odotusten mukaan\",\"datePublished\":\"2026-09-05T12:34:08+00:00\",\"dateModified\":\"2026-09-05T12:34:09+00:00\",\"mainEntityOfPage\":{\"@id\":\"https:\\\/\\\/it.arminfonews.ru\\\/?p=7085\"},\"wordCount\":1648,\"commentCount\":0,\"image\":{\"@id\":\"https:\\\/\\\/it.arminfonews.ru\\\/?p=7085#primaryimage\"},\"thumbnailUrl\":\"http:\\\/\\\/it.arminfonews.ru\\\/wp-content\\\/uploads\\\/2026\\\/09\\\/526.png\",\"articleSection\":[\"NEWS\"],\"inLanguage\":\"ru-RU\",\"potentialAction\":[{\"@type\":\"CommentAction\",\"name\":\"Comment\",\"target\":[\"https:\\\/\\\/it.arminfonews.ru\\\/?p=7085#respond\"]}]},{\"@type\":\"WebPage\",\"@id\":\"https:\\\/\\\/it.arminfonews.ru\\\/?p=7085\",\"url\":\"https:\\\/\\\/it.arminfonews.ru\\\/?p=7085\",\"name\":\"75-vuotiaana h\u00e4n kielt\u00e4ytyy pukeutumasta muiden odotusten mukaan -\",\"isPartOf\":{\"@id\":\"http:\\\/\\\/it.arminfonews.ru\\\/#website\"},\"primaryImageOfPage\":{\"@id\":\"https:\\\/\\\/it.arminfonews.ru\\\/?p=7085#primaryimage\"},\"image\":{\"@id\":\"https:\\\/\\\/it.arminfonews.ru\\\/?p=7085#primaryimage\"},\"thumbnailUrl\":\"http:\\\/\\\/it.arminfonews.ru\\\/wp-content\\\/uploads\\\/2026\\\/09\\\/526.png\",\"datePublished\":\"2026-09-05T12:34:08+00:00\",\"dateModified\":\"2026-09-05T12:34:09+00:00\",\"author\":{\"@id\":\"http:\\\/\\\/it.arminfonews.ru\\\/#\\\/schema\\\/person\\\/1f48abff21edb63bb65f2e87b4e81819\"},\"breadcrumb\":{\"@id\":\"https:\\\/\\\/it.arminfonews.ru\\\/?p=7085#breadcrumb\"},\"inLanguage\":\"ru-RU\",\"potentialAction\":[{\"@type\":\"ReadAction\",\"target\":[\"https:\\\/\\\/it.arminfonews.ru\\\/?p=7085\"]}]},{\"@type\":\"ImageObject\",\"inLanguage\":\"ru-RU\",\"@id\":\"https:\\\/\\\/it.arminfonews.ru\\\/?p=7085#primaryimage\",\"url\":\"http:\\\/\\\/it.arminfonews.ru\\\/wp-content\\\/uploads\\\/2026\\\/09\\\/526.png\",\"contentUrl\":\"http:\\\/\\\/it.arminfonews.ru\\\/wp-content\\\/uploads\\\/2026\\\/09\\\/526.png\",\"width\":1731,\"height\":909},{\"@type\":\"BreadcrumbList\",\"@id\":\"https:\\\/\\\/it.arminfonews.ru\\\/?p=7085#breadcrumb\",\"itemListElement\":[{\"@type\":\"ListItem\",\"position\":1,\"name\":\"\u0413\u043b\u0430\u0432\u043d\u0430\u044f \u0441\u0442\u0440\u0430\u043d\u0438\u0446\u0430\",\"item\":\"http:\\\/\\\/it.arminfonews.ru\\\/\"},{\"@type\":\"ListItem\",\"position\":2,\"name\":\"75-vuotiaana h\u00e4n kielt\u00e4ytyy pukeutumasta muiden odotusten mukaan\"}]},{\"@type\":\"WebSite\",\"@id\":\"http:\\\/\\\/it.arminfonews.ru\\\/#website\",\"url\":\"http:\\\/\\\/it.arminfonews.ru\\\/\",\"name\":\"\",\"description\":\"\",\"potentialAction\":[{\"@type\":\"SearchAction\",\"target\":{\"@type\":\"EntryPoint\",\"urlTemplate\":\"http:\\\/\\\/it.arminfonews.ru\\\/?s={search_term_string}\"},\"query-input\":{\"@type\":\"PropertyValueSpecification\",\"valueRequired\":true,\"valueName\":\"search_term_string\"}}],\"inLanguage\":\"ru-RU\"},{\"@type\":\"Person\",\"@id\":\"http:\\\/\\\/it.arminfonews.ru\\\/#\\\/schema\\\/person\\\/1f48abff21edb63bb65f2e87b4e81819\",\"name\":\"admin\",\"image\":{\"@type\":\"ImageObject\",\"inLanguage\":\"ru-RU\",\"@id\":\"https:\\\/\\\/secure.gravatar.com\\\/avatar\\\/0ed435f9e4056e0930898ce78c89fa82fe18d3c798c761c71f1f33be878b3b0b?s=96&d=mm&r=g\",\"url\":\"https:\\\/\\\/secure.gravatar.com\\\/avatar\\\/0ed435f9e4056e0930898ce78c89fa82fe18d3c798c761c71f1f33be878b3b0b?s=96&d=mm&r=g\",\"contentUrl\":\"https:\\\/\\\/secure.gravatar.com\\\/avatar\\\/0ed435f9e4056e0930898ce78c89fa82fe18d3c798c761c71f1f33be878b3b0b?s=96&d=mm&r=g\",\"caption\":\"admin\"},\"sameAs\":[\"http:\\\/\\\/it.arminfonews.ru\"],\"url\":\"http:\\\/\\\/it.arminfonews.ru\\\/?author=1\"}]}<\/script>\n<!-- \/ Yoast SEO plugin. -->","yoast_head_json":{"title":"75-vuotiaana h\u00e4n kielt\u00e4ytyy pukeutumasta muiden odotusten mukaan -","robots":{"index":"index","follow":"follow","max-snippet":"max-snippet:-1","max-image-preview":"max-image-preview:large","max-video-preview":"max-video-preview:-1"},"canonical":"https:\/\/it.arminfonews.ru\/?p=7085","og_locale":"ru_RU","og_type":"article","og_title":"75-vuotiaana h\u00e4n kielt\u00e4ytyy pukeutumasta muiden odotusten mukaan -","og_description":"On olemassa kirjoittamaton s\u00e4\u00e4nt\u00f6, jonka monet naiset alkavat kohdata ik\u00e4\u00e4ntyess\u00e4\u00e4n: heid\u00e4n odotetaan muuttuvan v\u00e4hemm\u00e4n n\u00e4kyviksi. K\u00e4ytt\u00e4m\u00e4\u00e4n hillitympi\u00e4 v\u00e4rej\u00e4. Valitsemaan turvallisempia vaatteita. V\u00e4ltt\u00e4m\u00e4\u00e4n kaikkea,","og_url":"https:\/\/it.arminfonews.ru\/?p=7085","article_published_time":"2026-09-05T12:34:08+00:00","article_modified_time":"2026-09-05T12:34:09+00:00","og_image":[{"width":1024,"height":538,"url":"http:\/\/it.arminfonews.ru\/wp-content\/uploads\/2026\/09\/526-1024x538.png","type":"image\/png"}],"author":"admin","twitter_card":"summary_large_image","twitter_misc":{"\u041d\u0430\u043f\u0438\u0441\u0430\u043d\u043e \u0430\u0432\u0442\u043e\u0440\u043e\u043c":"admin","\u041f\u0440\u0438\u043c\u0435\u0440\u043d\u043e\u0435 \u0432\u0440\u0435\u043c\u044f \u0434\u043b\u044f \u0447\u0442\u0435\u043d\u0438\u044f":"8 \u043c\u0438\u043d\u0443\u0442"},"schema":{"@context":"https:\/\/schema.org","@graph":[{"@type":"Article","@id":"https:\/\/it.arminfonews.ru\/?p=7085#article","isPartOf":{"@id":"https:\/\/it.arminfonews.ru\/?p=7085"},"author":{"name":"admin","@id":"http:\/\/it.arminfonews.ru\/#\/schema\/person\/1f48abff21edb63bb65f2e87b4e81819"},"headline":"75-vuotiaana h\u00e4n kielt\u00e4ytyy pukeutumasta muiden odotusten mukaan","datePublished":"2026-09-05T12:34:08+00:00","dateModified":"2026-09-05T12:34:09+00:00","mainEntityOfPage":{"@id":"https:\/\/it.arminfonews.ru\/?p=7085"},"wordCount":1648,"commentCount":0,"image":{"@id":"https:\/\/it.arminfonews.ru\/?p=7085#primaryimage"},"thumbnailUrl":"http:\/\/it.arminfonews.ru\/wp-content\/uploads\/2026\/09\/526.png","articleSection":["NEWS"],"inLanguage":"ru-RU","potentialAction":[{"@type":"CommentAction","name":"Comment","target":["https:\/\/it.arminfonews.ru\/?p=7085#respond"]}]},{"@type":"WebPage","@id":"https:\/\/it.arminfonews.ru\/?p=7085","url":"https:\/\/it.arminfonews.ru\/?p=7085","name":"75-vuotiaana h\u00e4n kielt\u00e4ytyy pukeutumasta muiden odotusten mukaan -","isPartOf":{"@id":"http:\/\/it.arminfonews.ru\/#website"},"primaryImageOfPage":{"@id":"https:\/\/it.arminfonews.ru\/?p=7085#primaryimage"},"image":{"@id":"https:\/\/it.arminfonews.ru\/?p=7085#primaryimage"},"thumbnailUrl":"http:\/\/it.arminfonews.ru\/wp-content\/uploads\/2026\/09\/526.png","datePublished":"2026-09-05T12:34:08+00:00","dateModified":"2026-09-05T12:34:09+00:00","author":{"@id":"http:\/\/it.arminfonews.ru\/#\/schema\/person\/1f48abff21edb63bb65f2e87b4e81819"},"breadcrumb":{"@id":"https:\/\/it.arminfonews.ru\/?p=7085#breadcrumb"},"inLanguage":"ru-RU","potentialAction":[{"@type":"ReadAction","target":["https:\/\/it.arminfonews.ru\/?p=7085"]}]},{"@type":"ImageObject","inLanguage":"ru-RU","@id":"https:\/\/it.arminfonews.ru\/?p=7085#primaryimage","url":"http:\/\/it.arminfonews.ru\/wp-content\/uploads\/2026\/09\/526.png","contentUrl":"http:\/\/it.arminfonews.ru\/wp-content\/uploads\/2026\/09\/526.png","width":1731,"height":909},{"@type":"BreadcrumbList","@id":"https:\/\/it.arminfonews.ru\/?p=7085#breadcrumb","itemListElement":[{"@type":"ListItem","position":1,"name":"\u0413\u043b\u0430\u0432\u043d\u0430\u044f \u0441\u0442\u0440\u0430\u043d\u0438\u0446\u0430","item":"http:\/\/it.arminfonews.ru\/"},{"@type":"ListItem","position":2,"name":"75-vuotiaana h\u00e4n kielt\u00e4ytyy pukeutumasta muiden odotusten mukaan"}]},{"@type":"WebSite","@id":"http:\/\/it.arminfonews.ru\/#website","url":"http:\/\/it.arminfonews.ru\/","name":"","description":"","potentialAction":[{"@type":"SearchAction","target":{"@type":"EntryPoint","urlTemplate":"http:\/\/it.arminfonews.ru\/?s={search_term_string}"},"query-input":{"@type":"PropertyValueSpecification","valueRequired":true,"valueName":"search_term_string"}}],"inLanguage":"ru-RU"},{"@type":"Person","@id":"http:\/\/it.arminfonews.ru\/#\/schema\/person\/1f48abff21edb63bb65f2e87b4e81819","name":"admin","image":{"@type":"ImageObject","inLanguage":"ru-RU","@id":"https:\/\/secure.gravatar.com\/avatar\/0ed435f9e4056e0930898ce78c89fa82fe18d3c798c761c71f1f33be878b3b0b?s=96&d=mm&r=g","url":"https:\/\/secure.gravatar.com\/avatar\/0ed435f9e4056e0930898ce78c89fa82fe18d3c798c761c71f1f33be878b3b0b?s=96&d=mm&r=g","contentUrl":"https:\/\/secure.gravatar.com\/avatar\/0ed435f9e4056e0930898ce78c89fa82fe18d3c798c761c71f1f33be878b3b0b?s=96&d=mm&r=g","caption":"admin"},"sameAs":["http:\/\/it.arminfonews.ru"],"url":"http:\/\/it.arminfonews.ru\/?author=1"}]}},"_links":{"self":[{"href":"http:\/\/it.arminfonews.ru\/index.php?rest_route=\/wp\/v2\/posts\/7085","targetHints":{"allow":["GET"]}}],"collection":[{"href":"http:\/\/it.arminfonews.ru\/index.php?rest_route=\/wp\/v2\/posts"}],"about":[{"href":"http:\/\/it.arminfonews.ru\/index.php?rest_route=\/wp\/v2\/types\/post"}],"author":[{"embeddable":true,"href":"http:\/\/it.arminfonews.ru\/index.php?rest_route=\/wp\/v2\/users\/1"}],"replies":[{"embeddable":true,"href":"http:\/\/it.arminfonews.ru\/index.php?rest_route=%2Fwp%2Fv2%2Fcomments&post=7085"}],"version-history":[{"count":1,"href":"http:\/\/it.arminfonews.ru\/index.php?rest_route=\/wp\/v2\/posts\/7085\/revisions"}],"predecessor-version":[{"id":7087,"href":"http:\/\/it.arminfonews.ru\/index.php?rest_route=\/wp\/v2\/posts\/7085\/revisions\/7087"}],"wp:featuredmedia":[{"embeddable":true,"href":"http:\/\/it.arminfonews.ru\/index.php?rest_route=\/wp\/v2\/media\/7086"}],"wp:attachment":[{"href":"http:\/\/it.arminfonews.ru\/index.php?rest_route=%2Fwp%2Fv2%2Fmedia&parent=7085"}],"wp:term":[{"taxonomy":"category","embeddable":true,"href":"http:\/\/it.arminfonews.ru\/index.php?rest_route=%2Fwp%2Fv2%2Fcategories&post=7085"},{"taxonomy":"post_tag","embeddable":true,"href":"http:\/\/it.arminfonews.ru\/index.php?rest_route=%2Fwp%2Fv2%2Ftags&post=7085"}],"curies":[{"name":"wp","href":"https:\/\/api.w.org\/{rel}","templated":true}]}}